{"id":49574,"date":"2024-01-18T14:26:48","date_gmt":"2024-01-18T20:26:48","guid":{"rendered":"https:\/\/encuentroinformativo.com.mx\/?p=49574"},"modified":"2024-01-18T14:26:52","modified_gmt":"2024-01-18T20:26:52","slug":"aun-con-norte-habra-festival-del-pescador-en-veracruz-puerto","status":"publish","type":"post","link":"https:\/\/encuentroinformativo.com.mx\/?p=49574","title":{"rendered":"A\u00fan con &#8220;norte&#8221; habr\u00e1 Festival del Pescador en Veracruz puerto"},"content":{"rendered":"\n<p><strong>Alejandro \u00c1vila<\/strong><\/p>\n\n\n\n<p>Veracruz, Ver.- La primera Feria Gastron\u00f3mica del 2024 en Veracruz puerto, denominada &#8220;Festival del Pescador&#8221; se llevar\u00e1 a cabo a pesar de la posible entrada de vientos del norte para el siguiente fin de semana, mencion\u00f3 la alcaldesa, Patricia Lobeira Rodr\u00edguez.<\/p>\n\n\n\n<p>Cabe mencionar que durante el 2023 se realizaron dos &#8220;Festivales del Pescador&#8221;, uno durante la Semana Santa y otro durante el verano; en este 2024 se decidi\u00f3 incluirlo durante lass festividades en honor al Santo Patrono de la ciudad, San Sebasti\u00e1n.<\/p>\n\n\n\n<p>El &#8220;Festival del Pescador&#8221; est\u00e1 programado para realizarse este s\u00e1bado 20 y domingo 21 de enero en el z\u00f3calo de la ciudad a partir de la 1 de la tarde; en dicho evento 30 expositores mostrar\u00e1n lo mejor de la gastronom\u00eda veracruzana.<\/p>\n\n\n\n<p>&#8220;Si viene &#8216;norte&#8217; va a ser exclusivamente la procesi\u00f3n por tierra, y ya de ah\u00ed a las 12 tendremos la misa en la Catedral, y a la una la Feria Gastron\u00f3mica con los pescadores (\u2026) ya tenemos cualquiera de las dos situaciones preparadas, esperamos que mejor en las condiciones climatol\u00f3gicas, vamos a ver que nos dicen (\u2026) ya empieza a quedarse como una tradici\u00f3n, la verdad es que el a\u00f1o pasado fue un gran \u00e9xito, y estoy segura que este a\u00f1o tambi\u00e9n&#8221;, expres\u00f3&nbsp;<\/p>\n\n\n\n<p>Paty Lobeira dijo que lo \u00fanico que podr\u00eda modificarse del programa original por las inclemencias del tiempo ser\u00eda la procesi\u00f3n mar\u00edtima, la cual se tiene contemplada realizarse a las 11 de la ma\u00f1ana partiendo del Muelle de la T en el malec\u00f3n de la ciudad.<\/p>\n\n\n\n<p>En caso de no llevarse a cabo la procesi\u00f3n mar\u00edtima, ser\u00e1 el Obispo, Carlos Brise\u00f1o Arch, el que decida desde donde iniciar\u00e1 la procesi\u00f3n terrestre, si desde el Muelle de la T o desde la iglesia del Cristo, con rumbo a la Catedral de Veracruz, para iniciar la misa a las 12 del d\u00eda.<\/p>\n","protected":false},"excerpt":{"rendered":"<p>Alejandro \u00c1vila Veracruz, Ver.- La primera Feria Gastron\u00f3mica del 2024 en Veracruz puerto, denominada &#8220;Festival del Pescador&#8221; se llevar\u00e1 a cabo a pesar de la posible entrada de vientos del norte para el siguiente fin de semana, mencion\u00f3 la alcaldesa, Patricia Lobeira Rodr\u00edguez. Cabe mencionar que durante el 2023 se realizaron dos &#8220;Festivales del Pescador&#8221;, [&hellip;]<\/p>\n","protected":false},"author":2476,"featured_media":49575,"comment_status":"open","ping_status":"open","sticky":false,"template":"","format":"standard","meta":{"_jetpack_memberships_contains_paid_content":false,"footnotes":""},"categories":[2],"tags":[],"class_list":["post-49574","post","type-post","status-publish","format-standard","has-post-thumbnail","hentry","category-estado"],"jetpack_featured_media_url":"https:\/\/encuentroinformativo.com.mx\/wp-content\/uploads\/2024\/01\/IMG-20240118-WA00542.jpg","jetpack_sharing_enabled":true,"jetpack_likes_enabled":true,"amp_enabled":true,"_links":{"self":[{"href":"https:\/\/encuentroinformativo.com.mx\/index.php?rest_route=\/wp\/v2\/posts\/49574","targetHints":{"allow":["GET"]}}],"collection":[{"href":"https:\/\/encuentroinformativo.com.mx\/index.php?rest_route=\/wp\/v2\/posts"}],"about":[{"href":"https:\/\/encuentroinformativo.com.mx\/index.php?rest_route=\/wp\/v2\/types\/post"}],"author":[{"embeddable":true,"href":"https:\/\/encuentroinformativo.com.mx\/index.php?rest_route=\/wp\/v2\/users\/2476"}],"replies":[{"embeddable":true,"href":"https:\/\/encuentroinformativo.com.mx\/index.php?rest_route=%2Fwp%2Fv2%2Fcomments&post=49574"}],"version-history":[{"count":1,"href":"https:\/\/encuentroinformativo.com.mx\/index.php?rest_route=\/wp\/v2\/posts\/49574\/revisions"}],"predecessor-version":[{"id":49576,"href":"https:\/\/encuentroinformativo.com.mx\/index.php?rest_route=\/wp\/v2\/posts\/49574\/revisions\/49576"}],"wp:featuredmedia":[{"embeddable":true,"href":"https:\/\/encuentroinformativo.com.mx\/index.php?rest_route=\/wp\/v2\/media\/49575"}],"wp:attachment":[{"href":"https:\/\/encuentroinformativo.com.mx\/index.php?rest_route=%2Fwp%2Fv2%2Fmedia&parent=49574"}],"wp:term":[{"taxonomy":"category","embeddable":true,"href":"https:\/\/encuentroinformativo.com.mx\/index.php?rest_route=%2Fwp%2Fv2%2Fcategories&post=49574"},{"taxonomy":"post_tag","embeddable":true,"href":"https:\/\/encuentroinformativo.com.mx\/index.php?rest_route=%2Fwp%2Fv2%2Ftags&post=49574"}],"curies":[{"name":"wp","href":"https:\/\/api.w.org\/{rel}","templated":true}]}}