{"id":49577,"date":"2024-01-18T17:19:26","date_gmt":"2024-01-18T23:19:26","guid":{"rendered":"https:\/\/encuentroinformativo.com.mx\/?p=49577"},"modified":"2024-01-18T17:19:32","modified_gmt":"2024-01-18T23:19:32","slug":"canadiense-cumple-dos-meses-desaparecido-en-veracruz","status":"publish","type":"post","link":"https:\/\/encuentroinformativo.com.mx\/?p=49577","title":{"rendered":"Canadiense cumple dos meses desaparecido en Veracruz"},"content":{"rendered":"\n<p><strong>Juan Arcos <\/strong><\/p>\n\n\n\n<p>Xalapa, Ver.- El canadiense James Christopher Eherer fue reportado como desaparecido desde el 15 de noviembre de 2023 y hasta el momento no hay rastro de su paradero.<\/p>\n\n\n\n<p>El extranjero, de 42 a\u00f1os, se extravi\u00f3 en el puerto de Veracruz. Desde hace m\u00e1s de dos meses no ha tenido comunicaci\u00f3n con sus familiares y amigos.<\/p>\n\n\n\n<p>\u00c9l laboraba como gu\u00eda tur\u00edstico y lleg\u00f3 a Veracruz como parte de un tour que llevaba a cabo en el territorio mexicano.<\/p>\n\n\n\n<p>Lo anterior consta en varias publicaciones que efectu\u00f3 el ciudadano canadiense en diferentes redes sociales antes de su desaparici\u00f3n.<\/p>\n\n\n\n<p>De acuerdo con la ficha 24\/SB 0091U-24ZC de la Comisi\u00f3n Estatal de B\u00fasqueda de Veracruz, James naci\u00f3 el 13 de abril de 1981 y mide un metro con 85 cent\u00edmetros. Tiene los ojos azules, la piel blanca y el cabello rubio.<\/p>\n\n\n\n<p>Las autoridades de Veracruz indican que el extranjero requiere tratamiento m\u00e9dico especializado. Adem\u00e1s tiene perforaci\u00f3n en ambas orejas y tatuajes en los brazos.<\/p>\n\n\n\n<p>James tiene un perfil en <em>Facebook<\/em> con m\u00e1s de mil seguidores, donde se le observa en una fotograf\u00eda tomada en la playa y apenas el pasado 8 de noviembre actualiz\u00f3 la imagen de su cuenta con una foto en blanco y negro, con los colores del arco\u00edris al interior.<\/p>\n\n\n\n<p>Tambi\u00e9n se muestra que es originario de Athabasca, una ciudad en el norte de Alberta, Canad\u00e1. Y seg\u00fan algunas im\u00e1genes formaba parte de la comunidad de la diversidad sexual.<\/p>\n\n\n\n<p>En la ficha de la Comisi\u00f3n de B\u00fasqueda de Veracruz se proporcionaron los n\u00fameros de contacto 22 83 19 31 87 y 911 para que se comuniquen quienes tengan informaci\u00f3n sobre su paradero.<\/p>\n","protected":false},"excerpt":{"rendered":"<p>Juan Arcos Xalapa, Ver.- El canadiense James Christopher Eherer fue reportado como desaparecido desde el 15 de noviembre de 2023 y hasta el momento no hay rastro de su paradero. El extranjero, de 42 a\u00f1os, se extravi\u00f3 en el puerto de Veracruz. Desde hace m\u00e1s de dos meses no ha tenido comunicaci\u00f3n con sus familiares [&hellip;]<\/p>\n","protected":false},"author":2476,"featured_media":49578,"comment_status":"open","ping_status":"open","sticky":false,"template":"","format":"standard","meta":{"_jetpack_memberships_contains_paid_content":false,"footnotes":""},"categories":[2],"tags":[],"class_list":["post-49577","post","type-post","status-publish","format-standard","has-post-thumbnail","hentry","category-estado"],"jetpack_featured_media_url":"https:\/\/encuentroinformativo.com.mx\/wp-content\/uploads\/2024\/01\/588a856c-1dd9-4ef5-aedb-33448c2762c3.jpg","jetpack_sharing_enabled":true,"jetpack_likes_enabled":true,"amp_enabled":true,"_links":{"self":[{"href":"https:\/\/encuentroinformativo.com.mx\/index.php?rest_route=\/wp\/v2\/posts\/49577","targetHints":{"allow":["GET"]}}],"collection":[{"href":"https:\/\/encuentroinformativo.com.mx\/index.php?rest_route=\/wp\/v2\/posts"}],"about":[{"href":"https:\/\/encuentroinformativo.com.mx\/index.php?rest_route=\/wp\/v2\/types\/post"}],"author":[{"embeddable":true,"href":"https:\/\/encuentroinformativo.com.mx\/index.php?rest_route=\/wp\/v2\/users\/2476"}],"replies":[{"embeddable":true,"href":"https:\/\/encuentroinformativo.com.mx\/index.php?rest_route=%2Fwp%2Fv2%2Fcomments&post=49577"}],"version-history":[{"count":1,"href":"https:\/\/encuentroinformativo.com.mx\/index.php?rest_route=\/wp\/v2\/posts\/49577\/revisions"}],"predecessor-version":[{"id":49579,"href":"https:\/\/encuentroinformativo.com.mx\/index.php?rest_route=\/wp\/v2\/posts\/49577\/revisions\/49579"}],"wp:featuredmedia":[{"embeddable":true,"href":"https:\/\/encuentroinformativo.com.mx\/index.php?rest_route=\/wp\/v2\/media\/49578"}],"wp:attachment":[{"href":"https:\/\/encuentroinformativo.com.mx\/index.php?rest_route=%2Fwp%2Fv2%2Fmedia&parent=49577"}],"wp:term":[{"taxonomy":"category","embeddable":true,"href":"https:\/\/encuentroinformativo.com.mx\/index.php?rest_route=%2Fwp%2Fv2%2Fcategories&post=49577"},{"taxonomy":"post_tag","embeddable":true,"href":"https:\/\/encuentroinformativo.com.mx\/index.php?rest_route=%2Fwp%2Fv2%2Ftags&post=49577"}],"curies":[{"name":"wp","href":"https:\/\/api.w.org\/{rel}","templated":true}]}}