{"id":49586,"date":"2024-01-18T17:41:49","date_gmt":"2024-01-18T23:41:49","guid":{"rendered":"https:\/\/encuentroinformativo.com.mx\/?p=49586"},"modified":"2024-01-18T17:41:53","modified_gmt":"2024-01-18T23:41:53","slug":"coadyuva-ssp-con-diferentes-sectores-de-la-iniciativa-privada-para-inhibir-los-delitos","status":"publish","type":"post","link":"https:\/\/encuentroinformativo.com.mx\/?p=49586","title":{"rendered":"Coadyuva SSP con diferentes sectores de la iniciativa privada para inhibir los delitos"},"content":{"rendered":"\n<p>Xalapa, Ver.- Estrechar lazos y fortalecer el esquema preventivo es una prioridad del Secretario de Seguridad P\u00fablica, Cap. Cuauht\u00e9moc Z\u00fa\u00f1iga Bonilla, es por ello que este d\u00eda se reuni\u00f3 con personal del Grupo Seguritec.<\/p>\n\n\n\n<p>Al respecto, el director general de dicho organismo, Jos\u00e9 Carlos Gonz\u00e1lez reconoci\u00f3 la apertura del funcionario estatal y dijo que el acercamiento es el principio de una estrecha colaboraci\u00f3n en beneficio de la seguridad p\u00fablica y privada.<\/p>\n\n\n\n<p>\u201cEl tema principal es tener la oportunidad de compartir informaci\u00f3n tanto de seguridad privada como p\u00fablica y mejorar los esquemas que se llevan a cabo\u201d, dijo.<\/p>\n\n\n\n<p>Agreg\u00f3 que van a colaborar y destac\u00f3 la respuesta del titular de SSP de dar visibilidad a todos los sectores de la sociedad, sumado a que se fijaron acuerdos y pr\u00f3ximas reuniones para dar puntual seguimiento a la estrategia.<\/p>\n\n\n\n<p>\u201cHay apertura y es un buen momento para tener di\u00e1logos de continuidad, estamos enfocados de coadyuvar con la parte privada y vamos a colaborar en siguientes reuniones donde podamos ver temas que interesan e incluir de igual manera acciones de vialidad\u201d, concluy\u00f3.<\/p>\n","protected":false},"excerpt":{"rendered":"<p>Xalapa, Ver.- Estrechar lazos y fortalecer el esquema preventivo es una prioridad del Secretario de Seguridad P\u00fablica, Cap. Cuauht\u00e9moc Z\u00fa\u00f1iga Bonilla, es por ello que este d\u00eda se reuni\u00f3 con personal del Grupo Seguritec. Al respecto, el director general de dicho organismo, Jos\u00e9 Carlos Gonz\u00e1lez reconoci\u00f3 la apertura del funcionario estatal y dijo que el [&hellip;]<\/p>\n","protected":false},"author":2476,"featured_media":49587,"comment_status":"open","ping_status":"open","sticky":false,"template":"","format":"standard","meta":{"_jetpack_memberships_contains_paid_content":false,"footnotes":""},"categories":[2],"tags":[],"class_list":["post-49586","post","type-post","status-publish","format-standard","has-post-thumbnail","hentry","category-estado"],"jetpack_featured_media_url":"https:\/\/encuentroinformativo.com.mx\/wp-content\/uploads\/2024\/01\/IMG-20240118-WA0060.jpg","jetpack_sharing_enabled":true,"jetpack_likes_enabled":true,"amp_enabled":true,"_links":{"self":[{"href":"https:\/\/encuentroinformativo.com.mx\/index.php?rest_route=\/wp\/v2\/posts\/49586","targetHints":{"allow":["GET"]}}],"collection":[{"href":"https:\/\/encuentroinformativo.com.mx\/index.php?rest_route=\/wp\/v2\/posts"}],"about":[{"href":"https:\/\/encuentroinformativo.com.mx\/index.php?rest_route=\/wp\/v2\/types\/post"}],"author":[{"embeddable":true,"href":"https:\/\/encuentroinformativo.com.mx\/index.php?rest_route=\/wp\/v2\/users\/2476"}],"replies":[{"embeddable":true,"href":"https:\/\/encuentroinformativo.com.mx\/index.php?rest_route=%2Fwp%2Fv2%2Fcomments&post=49586"}],"version-history":[{"count":1,"href":"https:\/\/encuentroinformativo.com.mx\/index.php?rest_route=\/wp\/v2\/posts\/49586\/revisions"}],"predecessor-version":[{"id":49588,"href":"https:\/\/encuentroinformativo.com.mx\/index.php?rest_route=\/wp\/v2\/posts\/49586\/revisions\/49588"}],"wp:featuredmedia":[{"embeddable":true,"href":"https:\/\/encuentroinformativo.com.mx\/index.php?rest_route=\/wp\/v2\/media\/49587"}],"wp:attachment":[{"href":"https:\/\/encuentroinformativo.com.mx\/index.php?rest_route=%2Fwp%2Fv2%2Fmedia&parent=49586"}],"wp:term":[{"taxonomy":"category","embeddable":true,"href":"https:\/\/encuentroinformativo.com.mx\/index.php?rest_route=%2Fwp%2Fv2%2Fcategories&post=49586"},{"taxonomy":"post_tag","embeddable":true,"href":"https:\/\/encuentroinformativo.com.mx\/index.php?rest_route=%2Fwp%2Fv2%2Ftags&post=49586"}],"curies":[{"name":"wp","href":"https:\/\/api.w.org\/{rel}","templated":true}]}}