{"id":49589,"date":"2024-01-18T17:47:02","date_gmt":"2024-01-18T23:47:02","guid":{"rendered":"https:\/\/encuentroinformativo.com.mx\/?p=49589"},"modified":"2024-01-18T17:47:06","modified_gmt":"2024-01-18T23:47:06","slug":"pepe-yunes-denunciara-uso-de-recursos-publicos-en-visita-de-sheinbaum-a-poza-rica","status":"publish","type":"post","link":"https:\/\/encuentroinformativo.com.mx\/?p=49589","title":{"rendered":"Pepe Yunes denunciar\u00e1 uso de recursos p\u00fablicos en visita de Sheinbaum a Poza Rica"},"content":{"rendered":"\n<p><strong>Alejandro \u00c1vila<\/strong><\/p>\n\n\n\n<p>Veracruz, Ver.- Los partidos que integran alianza opositora &#8220;Fuerza y Coraz\u00f3n por Veracruz&#8221; denunciar\u00e1n ante las instancias correspondientes el uso de recursos p\u00fablicos durante la visita del aspirante a la presidencia de la rep\u00fablica, Claudia Sheinbaum Pardo, a Poza Rica el pasado mi\u00e9rcoles, mencion\u00f3 el precandidato a la gubernatura de Veracruz, Jos\u00e9 Francisco Yunes Zorrilla.<\/p>\n\n\n\n<p>En redes sociales y medios de comunicaci\u00f3n se evidenci\u00f3 el uso de veh\u00edculos del Ayuntamiento de Poza Rica y personal de la Secretar\u00eda de Infraestructura y Obra P\u00fablica (SIOP), que en horario laboral trabajaron en el evento de promoci\u00f3n de Claudia Sheinbaum y Roc\u00edo Nahle; de la misma manera, se agregar\u00e1 el descarado acarreo de trabajadores municipales y estatales, y el uso de elementos de la Secretar\u00eda de Seguridad P\u00fablica en un mitin pol\u00edtico en pleno d\u00eda laboral.<\/p>\n\n\n\n<p>Pepe Yunes, dijo que los dirigentes de los tres partidos de la alianza opositora presentar\u00e1n la denuncia respectiva ante los \u00f3rganos electorales locales, federales, las Fiscal\u00edas Generales del Estado, de la Rep\u00fablica y Especializada en Delitos Electorales.<\/p>\n\n\n\n<p>Una situaci\u00f3n lamentable, dijo Pepe Yunes, es que la Secretar\u00eda de Educaci\u00f3n de Veracruz (SEV) permiti\u00f3 la suspensi\u00f3n de clases en la ciudad para que los padres de familia y docentes pudieron acudir al acto de precampa\u00f1a de Claudia Sheinbaum.<\/p>\n\n\n\n<p>\u201cEs violatorio de todas las leyes. Con los ni\u00f1os no, con los recursos p\u00fablicos no\u201d.<\/p>\n\n\n\n<p>Tambi\u00e9n rechaz\u00f3 la utilizaci\u00f3n de hospitales para preparar los \u201clonches\u201d que se repartir\u00edan a la gente, as\u00ed como de veh\u00edculos oficiales para la movilizaci\u00f3n.<\/p>\n\n\n\n<p>Conden\u00f3 de manera contundente la utilizaci\u00f3n de los recursos de las y los veracruzanos en actos de apoyo partidista, lo que calific\u00f3 como \u201cun crimen\u201d.<\/p>\n\n\n\n<p>&nbsp;\u201cNo hay atenci\u00f3n m\u00e9dica en hospitales, pero s\u00ed hay espacios y recursos para hacer despensas\u201d, adem\u00e1s de la utilizaci\u00f3n de unidades del Ej\u00e9rcito Mexicano transportando gente, lo cual, dijo, amerita una explicaci\u00f3n y aclaraci\u00f3n.<\/p>\n","protected":false},"excerpt":{"rendered":"<p>Alejandro \u00c1vila Veracruz, Ver.- Los partidos que integran alianza opositora &#8220;Fuerza y Coraz\u00f3n por Veracruz&#8221; denunciar\u00e1n ante las instancias correspondientes el uso de recursos p\u00fablicos durante la visita del aspirante a la presidencia de la rep\u00fablica, Claudia Sheinbaum Pardo, a Poza Rica el pasado mi\u00e9rcoles, mencion\u00f3 el precandidato a la gubernatura de Veracruz, Jos\u00e9 Francisco [&hellip;]<\/p>\n","protected":false},"author":2476,"featured_media":49590,"comment_status":"open","ping_status":"open","sticky":false,"template":"","format":"standard","meta":{"_jetpack_memberships_contains_paid_content":false,"footnotes":""},"categories":[2],"tags":[],"class_list":["post-49589","post","type-post","status-publish","format-standard","has-post-thumbnail","hentry","category-estado"],"jetpack_featured_media_url":"https:\/\/encuentroinformativo.com.mx\/wp-content\/uploads\/2024\/01\/IMG-20240118-WA0058.jpg","jetpack_sharing_enabled":true,"jetpack_likes_enabled":true,"amp_enabled":true,"_links":{"self":[{"href":"https:\/\/encuentroinformativo.com.mx\/index.php?rest_route=\/wp\/v2\/posts\/49589","targetHints":{"allow":["GET"]}}],"collection":[{"href":"https:\/\/encuentroinformativo.com.mx\/index.php?rest_route=\/wp\/v2\/posts"}],"about":[{"href":"https:\/\/encuentroinformativo.com.mx\/index.php?rest_route=\/wp\/v2\/types\/post"}],"author":[{"embeddable":true,"href":"https:\/\/encuentroinformativo.com.mx\/index.php?rest_route=\/wp\/v2\/users\/2476"}],"replies":[{"embeddable":true,"href":"https:\/\/encuentroinformativo.com.mx\/index.php?rest_route=%2Fwp%2Fv2%2Fcomments&post=49589"}],"version-history":[{"count":1,"href":"https:\/\/encuentroinformativo.com.mx\/index.php?rest_route=\/wp\/v2\/posts\/49589\/revisions"}],"predecessor-version":[{"id":49591,"href":"https:\/\/encuentroinformativo.com.mx\/index.php?rest_route=\/wp\/v2\/posts\/49589\/revisions\/49591"}],"wp:featuredmedia":[{"embeddable":true,"href":"https:\/\/encuentroinformativo.com.mx\/index.php?rest_route=\/wp\/v2\/media\/49590"}],"wp:attachment":[{"href":"https:\/\/encuentroinformativo.com.mx\/index.php?rest_route=%2Fwp%2Fv2%2Fmedia&parent=49589"}],"wp:term":[{"taxonomy":"category","embeddable":true,"href":"https:\/\/encuentroinformativo.com.mx\/index.php?rest_route=%2Fwp%2Fv2%2Fcategories&post=49589"},{"taxonomy":"post_tag","embeddable":true,"href":"https:\/\/encuentroinformativo.com.mx\/index.php?rest_route=%2Fwp%2Fv2%2Ftags&post=49589"}],"curies":[{"name":"wp","href":"https:\/\/api.w.org\/{rel}","templated":true}]}}