{"id":49603,"date":"2024-01-19T12:12:08","date_gmt":"2024-01-19T18:12:08","guid":{"rendered":"https:\/\/encuentroinformativo.com.mx\/?p=49603"},"modified":"2024-01-19T12:12:12","modified_gmt":"2024-01-19T18:12:12","slug":"en-una-semana-estrenara-ciudad-judicial-de-veracruz-puerto-sistema-de-aire-acondicionado","status":"publish","type":"post","link":"https:\/\/encuentroinformativo.com.mx\/?p=49603","title":{"rendered":"En una semana estrenar\u00e1 Ciudad Judicial de Veracruz puerto sistema de aire acondicionado"},"content":{"rendered":"\n<p><strong>Alejandro \u00c1vila<\/strong><\/p>\n\n\n\n<p>Veracruz, Ver.- La Magistrada Presidenta del Tribunal Superior de Justicia Veracruz (TSJV), Lisbeth Aurelia Jim\u00e9nez Aguirre, confirm\u00f3 que el pr\u00f3ximo jueves 25 de enero la Ciudad Judicial de Veracruz estrenar\u00e1 su nuevo sistema de aire acondicionado.<\/p>\n\n\n\n<p>La magistrada aclar\u00f3 que no se trata de una rehabilitaci\u00f3n del anterior equipo de aire acondicionado, sino de una infraestructura totalmente nueva, para lo cual tambi\u00e9n se tuvieron que hacer adecuaciones en los plafones de cada piso.<\/p>\n\n\n\n<p>&#8220;Las pruebas se hacen martes &#8211; mi\u00e9rcoles, y tentativamente queda funcionando el jueves 25 de enero. Entonces, no fue tan r\u00e1pido como yo hubiera esperado, pero estoy cumpliendo en la medida de mis posibilidades que queden ahorita en enero, porque empezaron a trabajar desde diciembre, llev\u00f3 un proceso de licitaci\u00f3n, no puedo disponer del recurso sin tener un proceso de licitaci\u00f3n pues son recursos p\u00fablicos, y todo lleva su tiempo, nosotros estamos en la recta final, en los \u00faltimos trabajos ya, y se trata de un sistema totalmente nuevo de clima&#8221;, puntualiz\u00f3.<\/p>\n\n\n\n<p>La presidenta del Tribunal Superior de Justicia de Veracruz (TSJV), dijo que el monto invertido para el nuevo sistema de climatizaci\u00f3n de la Ciudad Judicial de Veracruz puerto, es cercano a los 4 millones de pesos.<\/p>\n\n\n\n<p>La Magistrada, Lisbeth Jim\u00e9nez, dijo que ya tambi\u00e9n iniciaron con los procesos de licitaci\u00f3n para la reparaci\u00f3n del servicio de elevadores en todas las Ciudades Judiciales del Estado de Veracruz.<\/p>\n\n\n\n<p>&#8220;No solamente en Veracruz, nosotros estamos licitando el servicio a nivel estado porque no es el \u00fanico lugar donde hay elevadores, entonces estamos ahorita teniendo esa tem\u00e1tica. Reitero, nosotros para poder hacer licitaciones necesitamos tener el recurso, ya estamos en ello, ya se est\u00e1n haciendo las bases de licitaci\u00f3n, esperamos que a principios de febrero ya est\u00e1 el proceso de licitaci\u00f3n y ya tengamos una empresa para que se aboquen a dar el servicio a todos los elevadores de todas las Ciudades Judiciales de todo el Estado&#8221;, culmin\u00f3.<\/p>\n","protected":false},"excerpt":{"rendered":"<p>Alejandro \u00c1vila Veracruz, Ver.- La Magistrada Presidenta del Tribunal Superior de Justicia Veracruz (TSJV), Lisbeth Aurelia Jim\u00e9nez Aguirre, confirm\u00f3 que el pr\u00f3ximo jueves 25 de enero la Ciudad Judicial de Veracruz estrenar\u00e1 su nuevo sistema de aire acondicionado. La magistrada aclar\u00f3 que no se trata de una rehabilitaci\u00f3n del anterior equipo de aire acondicionado, sino [&hellip;]<\/p>\n","protected":false},"author":2476,"featured_media":49604,"comment_status":"open","ping_status":"open","sticky":false,"template":"","format":"standard","meta":{"_jetpack_memberships_contains_paid_content":false,"footnotes":""},"categories":[2],"tags":[],"class_list":["post-49603","post","type-post","status-publish","format-standard","has-post-thumbnail","hentry","category-estado"],"jetpack_featured_media_url":"https:\/\/encuentroinformativo.com.mx\/wp-content\/uploads\/2024\/01\/IMG-20240119-WA00142.jpg","jetpack_sharing_enabled":true,"jetpack_likes_enabled":true,"amp_enabled":true,"_links":{"self":[{"href":"https:\/\/encuentroinformativo.com.mx\/index.php?rest_route=\/wp\/v2\/posts\/49603","targetHints":{"allow":["GET"]}}],"collection":[{"href":"https:\/\/encuentroinformativo.com.mx\/index.php?rest_route=\/wp\/v2\/posts"}],"about":[{"href":"https:\/\/encuentroinformativo.com.mx\/index.php?rest_route=\/wp\/v2\/types\/post"}],"author":[{"embeddable":true,"href":"https:\/\/encuentroinformativo.com.mx\/index.php?rest_route=\/wp\/v2\/users\/2476"}],"replies":[{"embeddable":true,"href":"https:\/\/encuentroinformativo.com.mx\/index.php?rest_route=%2Fwp%2Fv2%2Fcomments&post=49603"}],"version-history":[{"count":1,"href":"https:\/\/encuentroinformativo.com.mx\/index.php?rest_route=\/wp\/v2\/posts\/49603\/revisions"}],"predecessor-version":[{"id":49605,"href":"https:\/\/encuentroinformativo.com.mx\/index.php?rest_route=\/wp\/v2\/posts\/49603\/revisions\/49605"}],"wp:featuredmedia":[{"embeddable":true,"href":"https:\/\/encuentroinformativo.com.mx\/index.php?rest_route=\/wp\/v2\/media\/49604"}],"wp:attachment":[{"href":"https:\/\/encuentroinformativo.com.mx\/index.php?rest_route=%2Fwp%2Fv2%2Fmedia&parent=49603"}],"wp:term":[{"taxonomy":"category","embeddable":true,"href":"https:\/\/encuentroinformativo.com.mx\/index.php?rest_route=%2Fwp%2Fv2%2Fcategories&post=49603"},{"taxonomy":"post_tag","embeddable":true,"href":"https:\/\/encuentroinformativo.com.mx\/index.php?rest_route=%2Fwp%2Fv2%2Ftags&post=49603"}],"curies":[{"name":"wp","href":"https:\/\/api.w.org\/{rel}","templated":true}]}}