{"id":49609,"date":"2024-01-19T14:10:45","date_gmt":"2024-01-19T20:10:45","guid":{"rendered":"https:\/\/encuentroinformativo.com.mx\/?p=49609"},"modified":"2024-01-19T14:10:50","modified_gmt":"2024-01-19T20:10:50","slug":"ecuatorianos-huyen-de-violencia-en-su-pais","status":"publish","type":"post","link":"https:\/\/encuentroinformativo.com.mx\/?p=49609","title":{"rendered":"Ecuatorianos huyen de violencia en su pa\u00eds"},"content":{"rendered":"\n<p><strong>Juan Arcos <\/strong><\/p>\n\n\n\n<p>Xalapa, Ver.- En las \u00faltimas semanas aumentaron los casos de familias centroamericanas y sudamericanas que huyeron de sus pa\u00edses de origen por la escalada de violencia y que se han quedado \u201catoradas\u201d en el estado de Veracruz.<\/p>\n\n\n\n<p>Una familia de Quito, la capital de Ecuador, sali\u00f3 de su pa\u00eds con direcci\u00f3n hacia Estados Unidos en busca de una mejor calidad de vida.<\/p>\n\n\n\n<p>Sin embargo, llegaron a la ciudad de Xalapa, capital de Veracruz, y ya no pudieron continuar su camino por falta de recursos econ\u00f3micos.<br>Ellos abandonaron Ecuador hace dos meses por el aumento en los hechos violentos y las condiciones de extrema pobreza en las que viv\u00edan.<\/p>\n\n\n\n<p>Durante su trayecto han enfrentado condiciones adversas, sobre todo relacionadas con la extorsi\u00f3n y el acoso por parte de bandas delictivas o agentes migratorios.<\/p>\n\n\n\n<p>Jefferson Navarrete, de 26 a\u00f1os, lleg\u00f3 a Xalapa con su esposa e hija. Pisaron territorio mexicano desde hace un mes tras huir de la violencia en su pa\u00eds por parte del grupo criminal \u201cLos Lobos\u201d.<\/p>\n\n\n\n<p>&#8220;Sufrimos un atentado en Ecuador, ahora est\u00e1 un poco inseguro y la econom\u00eda es mala. No ten\u00edamos planeado salir de ah\u00ed, pero as\u00ed pas\u00f3 y ahora estamos aqu\u00ed, hemos avanzado poco a poco. Yo me junte con la esposa de uno de ese grupo que ahorita es muy famoso haya por la guerra que se vive y preferimos huir&#8221;.<\/p>\n\n\n\n<p>\u00c9l y su familia lograron llegar a Matamoros, Tamaulipas, casi en la frontera con Estados Unidos, pero fueron &#8220;atrapados&#8221; por Migraci\u00f3n.<\/p>\n\n\n\n<p>&#8220;No todas las personas de migraci\u00f3n son malas, pero algunas piden dinero y te extorsionan. Nosotros estuvimos arriba en Matamoros, pero migraci\u00f3n nos trat\u00f3 como delincuentes, nos quit\u00f3 nuestras pertenencias, tel\u00e9fonos, todo&#8221;, acus\u00f3.<\/p>\n\n\n\n<p>En Xalapa piden limosnas para poder costear su transporte y seguir su camino hacia el pa\u00eds vecino.<\/p>\n\n\n\n<p>Jefferson y su esposa llevan una pancarta que muestran en la zona centro de Xalapa, con el mensaje: \u201cay\u00fadame con una moneda, soy migrante de Ecuador&#8221;.<\/p>\n","protected":false},"excerpt":{"rendered":"<p>Juan Arcos Xalapa, Ver.- En las \u00faltimas semanas aumentaron los casos de familias centroamericanas y sudamericanas que huyeron de sus pa\u00edses de origen por la escalada de violencia y que se han quedado \u201catoradas\u201d en el estado de Veracruz. Una familia de Quito, la capital de Ecuador, sali\u00f3 de su pa\u00eds con direcci\u00f3n hacia Estados [&hellip;]<\/p>\n","protected":false},"author":2476,"featured_media":49610,"comment_status":"open","ping_status":"open","sticky":false,"template":"","format":"standard","meta":{"_jetpack_memberships_contains_paid_content":false,"footnotes":""},"categories":[13],"tags":[],"class_list":["post-49609","post","type-post","status-publish","format-standard","has-post-thumbnail","hentry","category-internacional"],"jetpack_featured_media_url":"https:\/\/encuentroinformativo.com.mx\/wp-content\/uploads\/2024\/01\/4f694652-e40e-4e4d-b011-15ec04626aba.jpg","jetpack_sharing_enabled":true,"jetpack_likes_enabled":true,"amp_enabled":true,"_links":{"self":[{"href":"https:\/\/encuentroinformativo.com.mx\/index.php?rest_route=\/wp\/v2\/posts\/49609","targetHints":{"allow":["GET"]}}],"collection":[{"href":"https:\/\/encuentroinformativo.com.mx\/index.php?rest_route=\/wp\/v2\/posts"}],"about":[{"href":"https:\/\/encuentroinformativo.com.mx\/index.php?rest_route=\/wp\/v2\/types\/post"}],"author":[{"embeddable":true,"href":"https:\/\/encuentroinformativo.com.mx\/index.php?rest_route=\/wp\/v2\/users\/2476"}],"replies":[{"embeddable":true,"href":"https:\/\/encuentroinformativo.com.mx\/index.php?rest_route=%2Fwp%2Fv2%2Fcomments&post=49609"}],"version-history":[{"count":1,"href":"https:\/\/encuentroinformativo.com.mx\/index.php?rest_route=\/wp\/v2\/posts\/49609\/revisions"}],"predecessor-version":[{"id":49611,"href":"https:\/\/encuentroinformativo.com.mx\/index.php?rest_route=\/wp\/v2\/posts\/49609\/revisions\/49611"}],"wp:featuredmedia":[{"embeddable":true,"href":"https:\/\/encuentroinformativo.com.mx\/index.php?rest_route=\/wp\/v2\/media\/49610"}],"wp:attachment":[{"href":"https:\/\/encuentroinformativo.com.mx\/index.php?rest_route=%2Fwp%2Fv2%2Fmedia&parent=49609"}],"wp:term":[{"taxonomy":"category","embeddable":true,"href":"https:\/\/encuentroinformativo.com.mx\/index.php?rest_route=%2Fwp%2Fv2%2Fcategories&post=49609"},{"taxonomy":"post_tag","embeddable":true,"href":"https:\/\/encuentroinformativo.com.mx\/index.php?rest_route=%2Fwp%2Fv2%2Ftags&post=49609"}],"curies":[{"name":"wp","href":"https:\/\/api.w.org\/{rel}","templated":true}]}}