{"id":49619,"date":"2024-01-19T14:32:20","date_gmt":"2024-01-19T20:32:20","guid":{"rendered":"https:\/\/encuentroinformativo.com.mx\/?p=49619"},"modified":"2024-01-19T14:32:25","modified_gmt":"2024-01-19T20:32:25","slug":"con-cortejo-funebre-despiden-cuerpos-de-emergencia-a-paramedico","status":"publish","type":"post","link":"https:\/\/encuentroinformativo.com.mx\/?p=49619","title":{"rendered":"Con cortejo f\u00fanebre, despiden cuerpos de emergencia a param\u00e9dico"},"content":{"rendered":"\n<p><strong>Dar\u00edo Pale <\/strong><\/p>\n\n\n\n<p>Xalapa, Ver.- Realizan cortejo f\u00fanebre este medio d\u00eda donde, decenas de elementos de diversas corporaciones de emergencias, circularon a bordo de sus ambulancias por el centro de Xalapa con sus torretas abiertas, acompa\u00f1ando el f\u00e9retro del param\u00e9dico Rafael Dom\u00ednguez.<\/p>\n\n\n\n<p>El Escuadr\u00f3n Nacional de Rescate A.C difundi\u00f3 la noticia sobre el fallecimiento del tambi\u00e9n rescatista, al parecer por un infarto.<\/p>\n\n\n\n<p>Por lo que este d\u00eda salieron de la funeraria ubicada en la zona de Los Sauces y circularon por Allende, Zaragoza, Primo Verdad, Enr\u00edquez, \u00c1vila Camacho, avenida Xalapa, L\u00e1zaro C\u00e1rdenas, 20 de noviembre hasta llegar al pante\u00f3n Palo Verde.<\/p>\n\n\n\n<p>El Escuadr\u00f3n poste\u00f3 sus condolencias a la familia de su amigo y compa\u00f1ero Rafael Dom\u00ednguez, por el sensible fallecimiento.<\/p>\n\n\n\n<p>Por ello, este d\u00eda acompa\u00f1aron el cortejo f\u00fanebre con sus torretas abiertas causando expectaci\u00f3n entre la poblaci\u00f3n.<\/p>\n\n\n\n<figure class=\"wp-block-image size-large\"><img loading=\"lazy\" decoding=\"async\" width=\"1024\" height=\"768\" src=\"https:\/\/encuentroinformativo.com.mx\/wp-content\/uploads\/2024\/01\/IMG-20240119-WA00532-1-1024x768.jpg\" alt=\"\" class=\"wp-image-49621\" srcset=\"https:\/\/encuentroinformativo.com.mx\/wp-content\/uploads\/2024\/01\/IMG-20240119-WA00532-1-1024x768.jpg 1024w, https:\/\/encuentroinformativo.com.mx\/wp-content\/uploads\/2024\/01\/IMG-20240119-WA00532-1-300x225.jpg 300w, https:\/\/encuentroinformativo.com.mx\/wp-content\/uploads\/2024\/01\/IMG-20240119-WA00532-1-768x576.jpg 768w, https:\/\/encuentroinformativo.com.mx\/wp-content\/uploads\/2024\/01\/IMG-20240119-WA00532-1-1536x1153.jpg 1536w, https:\/\/encuentroinformativo.com.mx\/wp-content\/uploads\/2024\/01\/IMG-20240119-WA00532-1.jpg 1599w\" sizes=\"auto, (max-width: 1024px) 100vw, 1024px\" \/><\/figure>\n","protected":false},"excerpt":{"rendered":"<p>Dar\u00edo Pale Xalapa, Ver.- Realizan cortejo f\u00fanebre este medio d\u00eda donde, decenas de elementos de diversas corporaciones de emergencias, circularon a bordo de sus ambulancias por el centro de Xalapa con sus torretas abiertas, acompa\u00f1ando el f\u00e9retro del param\u00e9dico Rafael Dom\u00ednguez. El Escuadr\u00f3n Nacional de Rescate A.C difundi\u00f3 la noticia sobre el fallecimiento del tambi\u00e9n [&hellip;]<\/p>\n","protected":false},"author":2476,"featured_media":49622,"comment_status":"open","ping_status":"open","sticky":false,"template":"","format":"standard","meta":{"_jetpack_memberships_contains_paid_content":false,"footnotes":""},"categories":[3],"tags":[],"class_list":["post-49619","post","type-post","status-publish","format-standard","has-post-thumbnail","hentry","category-xalapa"],"jetpack_featured_media_url":"https:\/\/encuentroinformativo.com.mx\/wp-content\/uploads\/2024\/01\/IMG-20240119-WA00492.jpg","jetpack_sharing_enabled":true,"jetpack_likes_enabled":true,"amp_enabled":true,"_links":{"self":[{"href":"https:\/\/encuentroinformativo.com.mx\/index.php?rest_route=\/wp\/v2\/posts\/49619","targetHints":{"allow":["GET"]}}],"collection":[{"href":"https:\/\/encuentroinformativo.com.mx\/index.php?rest_route=\/wp\/v2\/posts"}],"about":[{"href":"https:\/\/encuentroinformativo.com.mx\/index.php?rest_route=\/wp\/v2\/types\/post"}],"author":[{"embeddable":true,"href":"https:\/\/encuentroinformativo.com.mx\/index.php?rest_route=\/wp\/v2\/users\/2476"}],"replies":[{"embeddable":true,"href":"https:\/\/encuentroinformativo.com.mx\/index.php?rest_route=%2Fwp%2Fv2%2Fcomments&post=49619"}],"version-history":[{"count":1,"href":"https:\/\/encuentroinformativo.com.mx\/index.php?rest_route=\/wp\/v2\/posts\/49619\/revisions"}],"predecessor-version":[{"id":49623,"href":"https:\/\/encuentroinformativo.com.mx\/index.php?rest_route=\/wp\/v2\/posts\/49619\/revisions\/49623"}],"wp:featuredmedia":[{"embeddable":true,"href":"https:\/\/encuentroinformativo.com.mx\/index.php?rest_route=\/wp\/v2\/media\/49622"}],"wp:attachment":[{"href":"https:\/\/encuentroinformativo.com.mx\/index.php?rest_route=%2Fwp%2Fv2%2Fmedia&parent=49619"}],"wp:term":[{"taxonomy":"category","embeddable":true,"href":"https:\/\/encuentroinformativo.com.mx\/index.php?rest_route=%2Fwp%2Fv2%2Fcategories&post=49619"},{"taxonomy":"post_tag","embeddable":true,"href":"https:\/\/encuentroinformativo.com.mx\/index.php?rest_route=%2Fwp%2Fv2%2Ftags&post=49619"}],"curies":[{"name":"wp","href":"https:\/\/api.w.org\/{rel}","templated":true}]}}