{"id":49624,"date":"2024-01-19T14:38:30","date_gmt":"2024-01-19T20:38:30","guid":{"rendered":"https:\/\/encuentroinformativo.com.mx\/?p=49624"},"modified":"2024-01-19T14:38:34","modified_gmt":"2024-01-19T20:38:34","slug":"persisten-casos-de-secuestro-en-veracruz-alto-al-secuestro","status":"publish","type":"post","link":"https:\/\/encuentroinformativo.com.mx\/?p=49624","title":{"rendered":"Persisten casos de secuestro en Veracruz: Alto al Secuestro"},"content":{"rendered":"\n<p><strong>Juan Arcos <\/strong><\/p>\n\n\n\n<p>Xalapa, Ver.- Veracruz se mantiene como la segunda entidad con mayor incidencia del delito de secuestro en la Rep\u00fablica Mexicana.<\/p>\n\n\n\n<p>Esto lo dio a conocer la organizaci\u00f3n Alto al Secuestro, con base en sus cifras emitidas hasta el mes de diciembre de 2023.<\/p>\n\n\n\n<p>Muestra que Veracruz y Sonora comparten el segundo lugar con seis casos, siendo superados solo por el Estado de M\u00e9xico, donde se contabilizaron 12 secuestros.<\/p>\n\n\n\n<p>Despu\u00e9s se encuentran Chihuahua y Chiapas en la tercera posici\u00f3n con cinco casos y Tamaulipas en el cuarto lugar con cuatro secuestros en diciembre.<\/p>\n\n\n\n<p>De enero a diciembre se contabilizaron 919 secuestros a nivel nacional y 2 mil 402 v\u00edctimas de este delito: 79 por ciento hombres, 14 por ciento mujeres y 7 por ciento menores de edad.<\/p>\n\n\n\n<p>Se habla de que 772 v\u00edctimas fueron migrantes, es decir, el 32 por ciento del total nacional.<\/p>\n\n\n\n<p>De diciembre de 2018 a diciembre de 2023, se acumularon 6 mil 120 secuestros, 9 mil 265 v\u00edctimas y 6 mil 588 detenidos.<\/p>\n\n\n\n<p>La organizaci\u00f3n Alto al Secuestro estima que en los \u00faltimos cinco a\u00f1os ocurrieron 3.3 secuestros en promedio al d\u00eda.<\/p>\n","protected":false},"excerpt":{"rendered":"<p>Juan Arcos Xalapa, Ver.- Veracruz se mantiene como la segunda entidad con mayor incidencia del delito de secuestro en la Rep\u00fablica Mexicana. Esto lo dio a conocer la organizaci\u00f3n Alto al Secuestro, con base en sus cifras emitidas hasta el mes de diciembre de 2023. Muestra que Veracruz y Sonora comparten el segundo lugar con [&hellip;]<\/p>\n","protected":false},"author":2476,"featured_media":49625,"comment_status":"open","ping_status":"open","sticky":false,"template":"","format":"standard","meta":{"_jetpack_memberships_contains_paid_content":false,"footnotes":""},"categories":[2],"tags":[],"class_list":["post-49624","post","type-post","status-publish","format-standard","has-post-thumbnail","hentry","category-estado"],"jetpack_featured_media_url":"https:\/\/encuentroinformativo.com.mx\/wp-content\/uploads\/2024\/01\/IMG_5868.jpg","jetpack_sharing_enabled":true,"jetpack_likes_enabled":true,"amp_enabled":true,"_links":{"self":[{"href":"https:\/\/encuentroinformativo.com.mx\/index.php?rest_route=\/wp\/v2\/posts\/49624","targetHints":{"allow":["GET"]}}],"collection":[{"href":"https:\/\/encuentroinformativo.com.mx\/index.php?rest_route=\/wp\/v2\/posts"}],"about":[{"href":"https:\/\/encuentroinformativo.com.mx\/index.php?rest_route=\/wp\/v2\/types\/post"}],"author":[{"embeddable":true,"href":"https:\/\/encuentroinformativo.com.mx\/index.php?rest_route=\/wp\/v2\/users\/2476"}],"replies":[{"embeddable":true,"href":"https:\/\/encuentroinformativo.com.mx\/index.php?rest_route=%2Fwp%2Fv2%2Fcomments&post=49624"}],"version-history":[{"count":1,"href":"https:\/\/encuentroinformativo.com.mx\/index.php?rest_route=\/wp\/v2\/posts\/49624\/revisions"}],"predecessor-version":[{"id":49626,"href":"https:\/\/encuentroinformativo.com.mx\/index.php?rest_route=\/wp\/v2\/posts\/49624\/revisions\/49626"}],"wp:featuredmedia":[{"embeddable":true,"href":"https:\/\/encuentroinformativo.com.mx\/index.php?rest_route=\/wp\/v2\/media\/49625"}],"wp:attachment":[{"href":"https:\/\/encuentroinformativo.com.mx\/index.php?rest_route=%2Fwp%2Fv2%2Fmedia&parent=49624"}],"wp:term":[{"taxonomy":"category","embeddable":true,"href":"https:\/\/encuentroinformativo.com.mx\/index.php?rest_route=%2Fwp%2Fv2%2Fcategories&post=49624"},{"taxonomy":"post_tag","embeddable":true,"href":"https:\/\/encuentroinformativo.com.mx\/index.php?rest_route=%2Fwp%2Fv2%2Ftags&post=49624"}],"curies":[{"name":"wp","href":"https:\/\/api.w.org\/{rel}","templated":true}]}}