{"id":49627,"date":"2024-01-19T14:43:46","date_gmt":"2024-01-19T20:43:46","guid":{"rendered":"https:\/\/encuentroinformativo.com.mx\/?p=49627"},"modified":"2024-01-19T14:43:49","modified_gmt":"2024-01-19T20:43:49","slug":"por-obra-de-colector-pluvial-cerraran-boulevar-en-veracruz-puerto","status":"publish","type":"post","link":"https:\/\/encuentroinformativo.com.mx\/?p=49627","title":{"rendered":"Por obra de Colector Pluvial cerrar\u00e1n boulevar en Veracruz puerto"},"content":{"rendered":"\n<p><strong>Alejandro \u00c1vila<\/strong><\/p>\n\n\n\n<p>Veracruz, Ver.- A partir del pr\u00f3ximo martes 23 de enero, la circulaci\u00f3n en ambos sentidos del boulevar &#8220;Manuel \u00c1vila Camacho&#8221; quedar\u00e1 cerrada por los inicios de la construcci\u00f3n del &#8220;Colector Pluvial Valencia&#8221;.<\/p>\n\n\n\n<p>El Ayuntamiento de Veracruz inform\u00f3 que dicho tramo vial estar\u00e1 bloqueado entre las calles Sim\u00f3n Bol\u00edvar y Santos P\u00e9rez Abascal; por lo cual se invita a la ciudadan\u00eda a estar pendiente de las rutas alternas de circulaci\u00f3n, las cuales ser\u00e1n:<\/p>\n\n\n\n<p>De Sur a Norte: Mart\u00ed, Col\u00f3n y Bolivar; y de Norte a Sur: Flores Mag\u00f3n, Negrete y 2 de Abril. Se aclar\u00f3 que solo se dar\u00e1 acceso al bulevar a los residentes y comercios ubicados en la zona de obra.<\/p>\n\n\n\n<p>Es de mencionar que estas obras evitar\u00e1n futuras inundaciones en los locales comerciales aleda\u00f1os al bulevar &#8220;Manuel \u00c1vila Camacho&#8221; sobre el tramo mencionado, de la misma manera, evitar\u00e1 problemas en la \u00e9poca de lluvias en la colonia Zaragoza.<\/p>\n\n\n\n<p>Aunque el Ayuntamiento no ha informado de forma concreta cu\u00e1ndo concluir\u00e1n las obras de construcci\u00f3n del colector pluvial, se estima que estas deban de quedar listas antes de la Semana Santa 2024.<\/p>\n","protected":false},"excerpt":{"rendered":"<p>Alejandro \u00c1vila Veracruz, Ver.- A partir del pr\u00f3ximo martes 23 de enero, la circulaci\u00f3n en ambos sentidos del boulevar &#8220;Manuel \u00c1vila Camacho&#8221; quedar\u00e1 cerrada por los inicios de la construcci\u00f3n del &#8220;Colector Pluvial Valencia&#8221;. El Ayuntamiento de Veracruz inform\u00f3 que dicho tramo vial estar\u00e1 bloqueado entre las calles Sim\u00f3n Bol\u00edvar y Santos P\u00e9rez Abascal; por [&hellip;]<\/p>\n","protected":false},"author":2476,"featured_media":49628,"comment_status":"open","ping_status":"open","sticky":false,"template":"","format":"standard","meta":{"_jetpack_memberships_contains_paid_content":false,"footnotes":""},"categories":[2],"tags":[],"class_list":["post-49627","post","type-post","status-publish","format-standard","has-post-thumbnail","hentry","category-estado"],"jetpack_featured_media_url":"https:\/\/encuentroinformativo.com.mx\/wp-content\/uploads\/2024\/01\/IMG-20240119-WA0054.jpg","jetpack_sharing_enabled":true,"jetpack_likes_enabled":true,"amp_enabled":true,"_links":{"self":[{"href":"https:\/\/encuentroinformativo.com.mx\/index.php?rest_route=\/wp\/v2\/posts\/49627","targetHints":{"allow":["GET"]}}],"collection":[{"href":"https:\/\/encuentroinformativo.com.mx\/index.php?rest_route=\/wp\/v2\/posts"}],"about":[{"href":"https:\/\/encuentroinformativo.com.mx\/index.php?rest_route=\/wp\/v2\/types\/post"}],"author":[{"embeddable":true,"href":"https:\/\/encuentroinformativo.com.mx\/index.php?rest_route=\/wp\/v2\/users\/2476"}],"replies":[{"embeddable":true,"href":"https:\/\/encuentroinformativo.com.mx\/index.php?rest_route=%2Fwp%2Fv2%2Fcomments&post=49627"}],"version-history":[{"count":1,"href":"https:\/\/encuentroinformativo.com.mx\/index.php?rest_route=\/wp\/v2\/posts\/49627\/revisions"}],"predecessor-version":[{"id":49629,"href":"https:\/\/encuentroinformativo.com.mx\/index.php?rest_route=\/wp\/v2\/posts\/49627\/revisions\/49629"}],"wp:featuredmedia":[{"embeddable":true,"href":"https:\/\/encuentroinformativo.com.mx\/index.php?rest_route=\/wp\/v2\/media\/49628"}],"wp:attachment":[{"href":"https:\/\/encuentroinformativo.com.mx\/index.php?rest_route=%2Fwp%2Fv2%2Fmedia&parent=49627"}],"wp:term":[{"taxonomy":"category","embeddable":true,"href":"https:\/\/encuentroinformativo.com.mx\/index.php?rest_route=%2Fwp%2Fv2%2Fcategories&post=49627"},{"taxonomy":"post_tag","embeddable":true,"href":"https:\/\/encuentroinformativo.com.mx\/index.php?rest_route=%2Fwp%2Fv2%2Ftags&post=49627"}],"curies":[{"name":"wp","href":"https:\/\/api.w.org\/{rel}","templated":true}]}}