{"id":49657,"date":"2024-01-20T14:49:41","date_gmt":"2024-01-20T20:49:41","guid":{"rendered":"https:\/\/encuentroinformativo.com.mx\/?p=49657"},"modified":"2024-01-20T14:49:45","modified_gmt":"2024-01-20T20:49:45","slug":"mas-de-4-mil-ppl-podra-emitir-su-voto-en-el-proceso-electoral","status":"publish","type":"post","link":"https:\/\/encuentroinformativo.com.mx\/?p=49657","title":{"rendered":"M\u00e1s de 4 mil PPL podr\u00e1 emitir su voto en el proceso electoral"},"content":{"rendered":"\n<p><strong>Dar\u00edo Pale <\/strong><\/p>\n\n\n\n<p>Xalapa, Ver.- Cuatro mil 500 internos de Ceresos votar\u00edan en proceso electoral, podr\u00e1n sufragar del 6 al 20 de mayo y el 2 de junio se contar\u00e1 su voto, as\u00ed lo dio a conocer el vocal ejecutivo de la Junta Local del INE, Josu\u00e9 Cervantes Mart\u00ednez.<\/p>\n\n\n\n<p>En entrevista inform\u00f3 que ya se firm\u00f3 el convenio de colaboraci\u00f3n con la Secretar\u00eda de Seguridad P\u00fablica para el voto de las Personas Privadas de su Libertad (PPL), que no han sido sentenciadas, por lo que alrededor de 4 mil o 4 mil 500 podr\u00edan ejercer su derecho a votar.<\/p>\n\n\n\n<p>Precis\u00f3 que podr\u00e1n votar personas en esa calidad en los 17 Centros de Reinserci\u00f3n Social (Ceresos) a cargo de la SSP.<\/p>\n\n\n\n<p>&#8220;Hay 17 Centros seg\u00fan la informaci\u00f3n que nos proporcion\u00f3 la propia subdirecci\u00f3n, hay 17 Centros con los que potencialmente podr\u00edamos estar trabajando, hablamos de un universo de alrededor de 4 mil o 4 mil 500 personas&#8221;, se\u00f1al\u00f3.<\/p>\n\n\n\n<p>El Vocal agreg\u00f3 que de parte de los Ceresos les proporcionar\u00edan la informaci\u00f3n de los ciudadanos que permanecen en prisi\u00f3n preventiva por la presunta comisi\u00f3n de diversos delitos, pero que no han sido sentenciados y que por lo tanto no tienen suspendido sus derechos pol\u00edtico-electorales.<\/p>\n\n\n\n<p>&#8220;Ser\u00eda en los 17 Centros. Nos han hecho saber que cuentan con las condiciones para poder llevar a cabo la recepci\u00f3n del voto de manera segura&#8221;, coment\u00f3.<\/p>\n\n\n\n<p>&#8220;Debemos cuidar no s\u00f3lo la\u00a0 log\u00edstica electoral y la secrec\u00eda del voto, sino adem\u00e1s las condiciones de seguridad dentro de estos Ceresos. S\u00ed, por supuesto, hay condiciones en los 17 Ceresos para que podamos recepcionar esos votos&#8221;, dijo en entrevista.<\/p>\n\n\n\n<p>El funcionario electoral agreg\u00f3 que deber\u00e1n invitar a las PPL de manera personalizada para que se inscriban en el listado nominal, si es que es su deseo participar.<\/p>\n\n\n\n<p>Record\u00f3 que esta ser\u00e1 una votaci\u00f3n anticipada y para ello habr\u00e1 un lapso para poder emitir su sufragio, entre el 6 y el 20 de mayo.<\/p>\n\n\n\n<p>En ese tiempo se podr\u00e1n coordinar las autoridades de los Ceresos y del INE para definir las fechas para acudir a recoger esos votos.<br>Es decir, alguien podr\u00e1 hacerlo el d\u00eda 6, otros el 8 o se podr\u00e1n 3 d\u00edas de ese periodo de tiempo, entre otros.<\/p>\n\n\n\n<p>Cervantes Mart\u00ednez explic\u00f3 que las PPL s\u00f3lo podr\u00e1n votar por los candidatos a la presidencia de la Rep\u00fablica de manera secreta, luego el voto se meter\u00e1 en un sobre que no tendr\u00e1 manera de saber a quien corresponde.<\/p>\n\n\n\n<p>Se recibir\u00e1n los sobres por Oficial\u00eda Electoral del INE que hace las veces de una notar\u00eda p\u00fablica, s\u00f3lo para efectos electorales.<\/p>\n\n\n\n<p>Los sobres se resguardar\u00e1n, luego se instalar\u00e1 una mesa de escrutinio y c\u00f3mputo con ciudadanos, no con funcionarios electorales, quienes estar\u00e1n en oficinas del Instituto en las 19 oficinas que tienen en la Entidad.<\/p>\n\n\n\n<p>&#8220;Se instalan a las 5 de la tarde del 2 de junio para que a las 18:00 horas reciban estos sobres y procedan como en una casilla: abren el sobre, sacan la boleta, la introducen en una urna y a partir de que est\u00e1n todos en una urna, se procede como en una casilla&#8221;, informo.<\/p>\n\n\n\n<p>Finalmente dijo que, &#8220;se sacan los votos, se cuentan, se clasifican por votos v\u00e1lidos, votos nulos, de los que correspondan a las coaliciones, en fin, se asientan los resultados en el acta, se integra el expediente y se entregan actas&#8221;.<\/p>\n","protected":false},"excerpt":{"rendered":"<p>Dar\u00edo Pale Xalapa, Ver.- Cuatro mil 500 internos de Ceresos votar\u00edan en proceso electoral, podr\u00e1n sufragar del 6 al 20 de mayo y el 2 de junio se contar\u00e1 su voto, as\u00ed lo dio a conocer el vocal ejecutivo de la Junta Local del INE, Josu\u00e9 Cervantes Mart\u00ednez. En entrevista inform\u00f3 que ya se firm\u00f3 [&hellip;]<\/p>\n","protected":false},"author":2476,"featured_media":49658,"comment_status":"open","ping_status":"open","sticky":false,"template":"","format":"standard","meta":{"_jetpack_memberships_contains_paid_content":false,"footnotes":""},"categories":[2],"tags":[],"class_list":["post-49657","post","type-post","status-publish","format-standard","has-post-thumbnail","hentry","category-estado"],"jetpack_featured_media_url":"https:\/\/encuentroinformativo.com.mx\/wp-content\/uploads\/2024\/01\/IMG-20240120-WA0023.jpg","jetpack_sharing_enabled":true,"jetpack_likes_enabled":true,"amp_enabled":true,"_links":{"self":[{"href":"https:\/\/encuentroinformativo.com.mx\/index.php?rest_route=\/wp\/v2\/posts\/49657","targetHints":{"allow":["GET"]}}],"collection":[{"href":"https:\/\/encuentroinformativo.com.mx\/index.php?rest_route=\/wp\/v2\/posts"}],"about":[{"href":"https:\/\/encuentroinformativo.com.mx\/index.php?rest_route=\/wp\/v2\/types\/post"}],"author":[{"embeddable":true,"href":"https:\/\/encuentroinformativo.com.mx\/index.php?rest_route=\/wp\/v2\/users\/2476"}],"replies":[{"embeddable":true,"href":"https:\/\/encuentroinformativo.com.mx\/index.php?rest_route=%2Fwp%2Fv2%2Fcomments&post=49657"}],"version-history":[{"count":1,"href":"https:\/\/encuentroinformativo.com.mx\/index.php?rest_route=\/wp\/v2\/posts\/49657\/revisions"}],"predecessor-version":[{"id":49659,"href":"https:\/\/encuentroinformativo.com.mx\/index.php?rest_route=\/wp\/v2\/posts\/49657\/revisions\/49659"}],"wp:featuredmedia":[{"embeddable":true,"href":"https:\/\/encuentroinformativo.com.mx\/index.php?rest_route=\/wp\/v2\/media\/49658"}],"wp:attachment":[{"href":"https:\/\/encuentroinformativo.com.mx\/index.php?rest_route=%2Fwp%2Fv2%2Fmedia&parent=49657"}],"wp:term":[{"taxonomy":"category","embeddable":true,"href":"https:\/\/encuentroinformativo.com.mx\/index.php?rest_route=%2Fwp%2Fv2%2Fcategories&post=49657"},{"taxonomy":"post_tag","embeddable":true,"href":"https:\/\/encuentroinformativo.com.mx\/index.php?rest_route=%2Fwp%2Fv2%2Ftags&post=49657"}],"curies":[{"name":"wp","href":"https:\/\/api.w.org\/{rel}","templated":true}]}}