{"id":49660,"date":"2024-01-20T14:53:40","date_gmt":"2024-01-20T20:53:40","guid":{"rendered":"https:\/\/encuentroinformativo.com.mx\/?p=49660"},"modified":"2024-01-20T14:53:47","modified_gmt":"2024-01-20T20:53:47","slug":"piden-a-aspirantes-atender-a-camaras-empresariales","status":"publish","type":"post","link":"https:\/\/encuentroinformativo.com.mx\/?p=49660","title":{"rendered":"Piden a aspirantes atender a c\u00e1maras empresariales"},"content":{"rendered":"\n<p><strong>Dar\u00edo Pale <\/strong><\/p>\n\n\n\n<p>Xalapa, Ver.- Consider\u00f3 que es importante que los aspirantes a la gubernatura atiendan a las c\u00e1maras empresariales para conocer la manera en la que resolver\u00edan los problemas de Veracruz, as\u00ed lo se\u00f1al\u00f3 el presidente del Consejo Empresarial Metropolitano, Fernando Arana Watty, .<br>En entrevista, coment\u00f3 que en algunas ocasiones se han reunido con los que ahora son aspirantes a la gubernatura de Morena y del Frente Amplio, Roc\u00edo Nahle y Pepe Yunes, respectivamente cuando ten\u00edan otros encargos.<\/p>\n\n\n\n<p>&#8220;Con todos ellos hemos platicado. Es muy importante conocer cu\u00e1les son sus propuestas, bueno ahorita no estamos en el tiempo de que hagan propuestas, pero por lo menos su forma de pensar para resolver los problemas que tenemos en el Estado&#8221;, se\u00f1al\u00f3.<\/p>\n\n\n\n<p>Mencion\u00f3 que las c\u00e1maras empresariales son plurales, entidades apartidistas, pero no apol\u00edticos.<\/p>\n\n\n\n<p>Arana Watty dijo que espera que contin\u00fae habiendo reuniones con ellos y si bien ha habido apertura hasta el momento no pueden sacar conclusiones de quien ser\u00eda el o la mejor propuesta.<\/p>\n\n\n\n<p>Finalmente se\u00f1al\u00f3 que, &#8220;lo importante es que los escuchemos porque somos un sector que puede ir difundiendo lo que venimos escuchando&#8221;.<\/p>\n","protected":false},"excerpt":{"rendered":"<p>Dar\u00edo Pale Xalapa, Ver.- Consider\u00f3 que es importante que los aspirantes a la gubernatura atiendan a las c\u00e1maras empresariales para conocer la manera en la que resolver\u00edan los problemas de Veracruz, as\u00ed lo se\u00f1al\u00f3 el presidente del Consejo Empresarial Metropolitano, Fernando Arana Watty, .En entrevista, coment\u00f3 que en algunas ocasiones se han reunido con los [&hellip;]<\/p>\n","protected":false},"author":2476,"featured_media":5858,"comment_status":"open","ping_status":"open","sticky":false,"template":"","format":"standard","meta":{"_jetpack_memberships_contains_paid_content":false,"footnotes":""},"categories":[2],"tags":[],"class_list":["post-49660","post","type-post","status-publish","format-standard","has-post-thumbnail","hentry","category-estado"],"jetpack_featured_media_url":"https:\/\/encuentroinformativo.com.mx\/wp-content\/uploads\/2020\/09\/8EA0325E-6E03-4ADE-8F9E-590DC54372F0.jpeg","jetpack_sharing_enabled":true,"jetpack_likes_enabled":true,"amp_enabled":true,"_links":{"self":[{"href":"https:\/\/encuentroinformativo.com.mx\/index.php?rest_route=\/wp\/v2\/posts\/49660","targetHints":{"allow":["GET"]}}],"collection":[{"href":"https:\/\/encuentroinformativo.com.mx\/index.php?rest_route=\/wp\/v2\/posts"}],"about":[{"href":"https:\/\/encuentroinformativo.com.mx\/index.php?rest_route=\/wp\/v2\/types\/post"}],"author":[{"embeddable":true,"href":"https:\/\/encuentroinformativo.com.mx\/index.php?rest_route=\/wp\/v2\/users\/2476"}],"replies":[{"embeddable":true,"href":"https:\/\/encuentroinformativo.com.mx\/index.php?rest_route=%2Fwp%2Fv2%2Fcomments&post=49660"}],"version-history":[{"count":1,"href":"https:\/\/encuentroinformativo.com.mx\/index.php?rest_route=\/wp\/v2\/posts\/49660\/revisions"}],"predecessor-version":[{"id":49661,"href":"https:\/\/encuentroinformativo.com.mx\/index.php?rest_route=\/wp\/v2\/posts\/49660\/revisions\/49661"}],"wp:featuredmedia":[{"embeddable":true,"href":"https:\/\/encuentroinformativo.com.mx\/index.php?rest_route=\/wp\/v2\/media\/5858"}],"wp:attachment":[{"href":"https:\/\/encuentroinformativo.com.mx\/index.php?rest_route=%2Fwp%2Fv2%2Fmedia&parent=49660"}],"wp:term":[{"taxonomy":"category","embeddable":true,"href":"https:\/\/encuentroinformativo.com.mx\/index.php?rest_route=%2Fwp%2Fv2%2Fcategories&post=49660"},{"taxonomy":"post_tag","embeddable":true,"href":"https:\/\/encuentroinformativo.com.mx\/index.php?rest_route=%2Fwp%2Fv2%2Ftags&post=49660"}],"curies":[{"name":"wp","href":"https:\/\/api.w.org\/{rel}","templated":true}]}}