{"id":49685,"date":"2024-01-21T18:42:14","date_gmt":"2024-01-22T00:42:14","guid":{"rendered":"https:\/\/encuentroinformativo.com.mx\/?p=49685"},"modified":"2024-01-21T18:42:20","modified_gmt":"2024-01-22T00:42:20","slug":"trailer-embiste-vehiculo-particular-4-personas-fallecidas","status":"publish","type":"post","link":"https:\/\/encuentroinformativo.com.mx\/?p=49685","title":{"rendered":"Tr\u00e1iler embiste veh\u00edculo particular, 4 personas fallecidas"},"content":{"rendered":"\n<p><strong>Juan Arcos <\/strong><\/p>\n\n\n\n<p>Xalapa, Ver.- Un tr\u00e1iler embisti\u00f3 a un veh\u00edculo particular sobre la carretera federal Cardel-Poza Rica, a la altura del municipio de Vega de Alatorre, en la zona norte del estado de Veracruz, accidente que dej\u00f3 un saldo de cuatro personas fallecidas.<\/p>\n\n\n\n<p>Los hechos ocurrieron la tarde de este domingo 21 de enero cuando la unidad de carga pesada impact\u00f3 y destroz\u00f3 un Nissan-Versa, color plata, en un aparatoso accidente que gener\u00f3 el despliegue de los cuerpos de emergencia.<\/p>\n\n\n\n<p>La cabina del tr\u00e1iler tambi\u00e9n qued\u00f3 destrozada y aplast\u00f3 al autom\u00f3vil compacto, con placas de circulaci\u00f3n YGB41B, dejando prensados a los pasajeros. Se habla de cuatro v\u00edctimas mortales: tres hombres y una mujer, pero las autoridades han emitido un informe oficial.<\/p>\n\n\n\n<p>Algunas corporaciones de emergencia confirmaron el cierre de la circulaci\u00f3n por colisi\u00f3n m\u00faltiple en el tramo carretero Totomoxtle-San Rafael, pasando la caseta de Vega de Alatorre con direcci\u00f3n a la ciudad petrolera de Poza Rica.<\/p>\n\n\n\n<p>Al sitio arribaron ambulancias, polic\u00edas de la Secretar\u00eda de Seguridad P\u00fablica (SPP), elementos de la Guardia Nacional (GN) y personal de Caminos y Puentes Federales (Capufe) para brindar la atenci\u00f3n correspondiente y evitar m\u00e1s percances tras el cierre parcial de la circulaci\u00f3n vehicular en la zona.<\/p>\n\n\n\n<p>De acuerdo con testigos, el conductor del tr\u00e1iler circulaba a exceso de velocidad, la lluvia imped\u00eda la visibilidad y se impact\u00f3 contra la peque\u00f1a unidad, dejando prensados entre los fierros retorcidos a los pasajeros, a un costado de la carretera federal.<\/p>\n\n\n\n<p>El chofer del cami\u00f3n, con n\u00famero econ\u00f3mico 158, propiedad de la empresa Fletes RGS S. A. de C. V. huy\u00f3 del lugar del siniestro, dejando en agon\u00eda a los pasajeros del autom\u00f3vil marca Nissan.<\/p>\n\n\n\n<p>Los elementos de seguridad resguardaron la zona en espera del personal de la Fiscal\u00eda General del Estado (FGE) para que iniciara las diligencias pertinentes y trasladara los cuerpos al Servicio M\u00e9dico Forense (Semefo) del municipio de Mart\u00ednez de la Torre.<\/p>\n\n\n\n<p>En redes sociales fueron difundidas varias im\u00e1genes del veh\u00edculo particular que qued\u00f3 destrozado, en busca de los familiares de las v\u00edctimas de este lamentable accidente.<\/p>\n","protected":false},"excerpt":{"rendered":"<p>Juan Arcos Xalapa, Ver.- Un tr\u00e1iler embisti\u00f3 a un veh\u00edculo particular sobre la carretera federal Cardel-Poza Rica, a la altura del municipio de Vega de Alatorre, en la zona norte del estado de Veracruz, accidente que dej\u00f3 un saldo de cuatro personas fallecidas. Los hechos ocurrieron la tarde de este domingo 21 de enero cuando [&hellip;]<\/p>\n","protected":false},"author":2476,"featured_media":49686,"comment_status":"open","ping_status":"open","sticky":false,"template":"","format":"standard","meta":{"_jetpack_memberships_contains_paid_content":false,"footnotes":""},"categories":[2],"tags":[],"class_list":["post-49685","post","type-post","status-publish","format-standard","has-post-thumbnail","hentry","category-estado"],"jetpack_featured_media_url":"https:\/\/encuentroinformativo.com.mx\/wp-content\/uploads\/2024\/01\/IMG_6005.jpg","jetpack_sharing_enabled":true,"jetpack_likes_enabled":true,"amp_enabled":true,"_links":{"self":[{"href":"https:\/\/encuentroinformativo.com.mx\/index.php?rest_route=\/wp\/v2\/posts\/49685","targetHints":{"allow":["GET"]}}],"collection":[{"href":"https:\/\/encuentroinformativo.com.mx\/index.php?rest_route=\/wp\/v2\/posts"}],"about":[{"href":"https:\/\/encuentroinformativo.com.mx\/index.php?rest_route=\/wp\/v2\/types\/post"}],"author":[{"embeddable":true,"href":"https:\/\/encuentroinformativo.com.mx\/index.php?rest_route=\/wp\/v2\/users\/2476"}],"replies":[{"embeddable":true,"href":"https:\/\/encuentroinformativo.com.mx\/index.php?rest_route=%2Fwp%2Fv2%2Fcomments&post=49685"}],"version-history":[{"count":1,"href":"https:\/\/encuentroinformativo.com.mx\/index.php?rest_route=\/wp\/v2\/posts\/49685\/revisions"}],"predecessor-version":[{"id":49687,"href":"https:\/\/encuentroinformativo.com.mx\/index.php?rest_route=\/wp\/v2\/posts\/49685\/revisions\/49687"}],"wp:featuredmedia":[{"embeddable":true,"href":"https:\/\/encuentroinformativo.com.mx\/index.php?rest_route=\/wp\/v2\/media\/49686"}],"wp:attachment":[{"href":"https:\/\/encuentroinformativo.com.mx\/index.php?rest_route=%2Fwp%2Fv2%2Fmedia&parent=49685"}],"wp:term":[{"taxonomy":"category","embeddable":true,"href":"https:\/\/encuentroinformativo.com.mx\/index.php?rest_route=%2Fwp%2Fv2%2Fcategories&post=49685"},{"taxonomy":"post_tag","embeddable":true,"href":"https:\/\/encuentroinformativo.com.mx\/index.php?rest_route=%2Fwp%2Fv2%2Ftags&post=49685"}],"curies":[{"name":"wp","href":"https:\/\/api.w.org\/{rel}","templated":true}]}}