{"id":49695,"date":"2024-01-22T12:04:21","date_gmt":"2024-01-22T18:04:21","guid":{"rendered":"https:\/\/encuentroinformativo.com.mx\/?p=49695"},"modified":"2024-01-22T12:04:25","modified_gmt":"2024-01-22T18:04:25","slug":"urgen-hoteleros-definir-fechas-para-carnaval-de-veracruz","status":"publish","type":"post","link":"https:\/\/encuentroinformativo.com.mx\/?p=49695","title":{"rendered":"Urgen hoteleros definir fechas para Carnaval de Veracruz"},"content":{"rendered":"\n<p><strong>Alejandro \u00c1vila<\/strong><\/p>\n\n\n\n<p>Veracruz, Ver.- El presidente de la Asociaci\u00f3n de Hoteles y Moteles de Veracruz C\u00e9sar Alfonso Mu\u00f1iz Cuervo, inst\u00f3 al Ayuntamiento de Veracruz a que de a conocer a la brevedad posible las fechas oficiales del Carnaval de Veracruz 2024.<\/p>\n\n\n\n<p>El empresario tur\u00edstico dijo que han recibido llamadas de turistas sobre las fechas de Carnaval para poder hacer reservaciones; sin embargo, es el momento en que no han podido dar certeza sobre las fiestas carnestolendas, toda vez que el Comit\u00e9 de Carnaval no ha presentado el programa de actividades y el tiempo en el que se llevar\u00e1n a cabo.<\/p>\n\n\n\n<p>&#8220;Ya se empieza a haber movimiento, ya se empieza a haber llamadas, ya la gente ya empieza a preguntar por las fechas. Entonces, yo creo que s\u00ed es importante que ya se concrete algo, que ya se empiecen a dar las fechas oficiales, que ya se empiece a dar el programa para poder informarle a la gente, porque la gente normalmente al Carnaval ya empieza a llamar desde meses, s\u00ed es muy importante que ya se empieza con la promoci\u00f3n para poder decirle bien con exactitud de la gente y no nada m\u00e1s estemos en veremos, entonces s\u00ed es importante que salgan todos esos temas&#8221;, subray\u00f3.<\/p>\n\n\n\n<p>Respecto del inicio de a\u00f1o, dijo que el sector hotelero presentar\u00e1 un serio problema, toda vez que el primer puente largo ser\u00e1 hasta el mes de marzo, por lo que durante el primer bimestre del 2024, al no tener Carnaval, se vislumbran ventas muy bajas.<\/p>\n\n\n\n<p>En ese sentido, consider\u00f3 que los Ayuntamientos deben presentar actividades y atractivos que sean de inter\u00e9s para que los visitantes de otros estados o municipios puedan llegar a Veracruz y Boca del R\u00edo.<\/p>\n","protected":false},"excerpt":{"rendered":"<p>Alejandro \u00c1vila Veracruz, Ver.- El presidente de la Asociaci\u00f3n de Hoteles y Moteles de Veracruz C\u00e9sar Alfonso Mu\u00f1iz Cuervo, inst\u00f3 al Ayuntamiento de Veracruz a que de a conocer a la brevedad posible las fechas oficiales del Carnaval de Veracruz 2024. El empresario tur\u00edstico dijo que han recibido llamadas de turistas sobre las fechas de [&hellip;]<\/p>\n","protected":false},"author":2476,"featured_media":38853,"comment_status":"open","ping_status":"open","sticky":false,"template":"","format":"standard","meta":{"_jetpack_memberships_contains_paid_content":false,"footnotes":""},"categories":[2],"tags":[],"class_list":["post-49695","post","type-post","status-publish","format-standard","has-post-thumbnail","hentry","category-estado"],"jetpack_featured_media_url":"https:\/\/encuentroinformativo.com.mx\/wp-content\/uploads\/2023\/04\/IMG-20230404-WA0034.jpg","jetpack_sharing_enabled":true,"jetpack_likes_enabled":true,"amp_enabled":true,"_links":{"self":[{"href":"https:\/\/encuentroinformativo.com.mx\/index.php?rest_route=\/wp\/v2\/posts\/49695","targetHints":{"allow":["GET"]}}],"collection":[{"href":"https:\/\/encuentroinformativo.com.mx\/index.php?rest_route=\/wp\/v2\/posts"}],"about":[{"href":"https:\/\/encuentroinformativo.com.mx\/index.php?rest_route=\/wp\/v2\/types\/post"}],"author":[{"embeddable":true,"href":"https:\/\/encuentroinformativo.com.mx\/index.php?rest_route=\/wp\/v2\/users\/2476"}],"replies":[{"embeddable":true,"href":"https:\/\/encuentroinformativo.com.mx\/index.php?rest_route=%2Fwp%2Fv2%2Fcomments&post=49695"}],"version-history":[{"count":1,"href":"https:\/\/encuentroinformativo.com.mx\/index.php?rest_route=\/wp\/v2\/posts\/49695\/revisions"}],"predecessor-version":[{"id":49696,"href":"https:\/\/encuentroinformativo.com.mx\/index.php?rest_route=\/wp\/v2\/posts\/49695\/revisions\/49696"}],"wp:featuredmedia":[{"embeddable":true,"href":"https:\/\/encuentroinformativo.com.mx\/index.php?rest_route=\/wp\/v2\/media\/38853"}],"wp:attachment":[{"href":"https:\/\/encuentroinformativo.com.mx\/index.php?rest_route=%2Fwp%2Fv2%2Fmedia&parent=49695"}],"wp:term":[{"taxonomy":"category","embeddable":true,"href":"https:\/\/encuentroinformativo.com.mx\/index.php?rest_route=%2Fwp%2Fv2%2Fcategories&post=49695"},{"taxonomy":"post_tag","embeddable":true,"href":"https:\/\/encuentroinformativo.com.mx\/index.php?rest_route=%2Fwp%2Fv2%2Ftags&post=49695"}],"curies":[{"name":"wp","href":"https:\/\/api.w.org\/{rel}","templated":true}]}}