{"id":49701,"date":"2024-01-22T12:45:44","date_gmt":"2024-01-22T18:45:44","guid":{"rendered":"https:\/\/encuentroinformativo.com.mx\/?p=49701"},"modified":"2024-01-22T12:45:48","modified_gmt":"2024-01-22T18:45:48","slug":"denuncia-academica-falta-de-justicia-continua-acoso-en-la-uv-senala","status":"publish","type":"post","link":"https:\/\/encuentroinformativo.com.mx\/?p=49701","title":{"rendered":"Denuncia acad\u00e9mica falta de justicia; contin\u00faa acoso en la UV, se\u00f1ala"},"content":{"rendered":"\n<p><strong>Juan Arcos <\/strong><\/p>\n\n\n\n<p>Xalapa, Ver.- La profesora de filosof\u00eda Remedios \u00c1lvarez Santos denunci\u00f3 la falta de justicia en un caso de acoso y hostigamiento que denunci\u00f3 desde el a\u00f1o 2017, donde se\u00f1al\u00f3 directamente a algunos de sus compa\u00f1eros docentes de la Universidad Veracruzana (UV).<\/p>\n\n\n\n<p>En conferencia de prensa, la acad\u00e9mica record\u00f3 que no han sido acatadas a cabalidad las recomendaciones emitidas por la Comisi\u00f3n Nacional de Derechos Humanos (CNDH) y la Comisi\u00f3n Estatal de Derechos Humanos (CEDH) en este tema.<\/p>\n\n\n\n<p>\u201cPor fortuna, la comisi\u00f3n nacional, la estatal y la nacional resolvieron a mi favor. Eso, bueno, es una cuesti\u00f3n, digamos, que sentamos precedentes, porque hasta donde entiendo, pues ninguna universidad p\u00fablica hab\u00eda aceptado una recomendaci\u00f3n. Hasta ah\u00ed muy bien, el problema es que se aceptan las recomendaciones simplemente como un protocolo,como un performance, es un escenario de simulaci\u00f3n\u201d, se\u00f1al\u00f3.<\/p>\n\n\n\n<p>La profesora acus\u00f3 que la Contralor\u00eda General de la UV archiv\u00f3 el expediente sobre la investigaci\u00f3n de este caso, pese a que ha habido m\u00e1s violaciones a sus derechos.<\/p>\n\n\n\n<p>Desde hace varios a\u00f1os hizo p\u00fablicas las acciones en su contra y burlas por parte de un grupo de profesores de la Facultad de Filosof\u00eda de la m\u00e1xima casa de estudios del estado, quienes comenzaron a acosarla despu\u00e9s de que obtuvo su plaza de tiempo completo.<\/p>\n\n\n\n<p>\u201cEn un principio tuve muchos problemas, entonces me han persuadido para que retire las denuncias penales. Al d\u00eda de hoy, la Contralor\u00eda General de la UV archiv\u00f3 la carpeta de investigaci\u00f3n que abri\u00f3 como mera simulaci\u00f3n para decir que ellos s\u00ed iban a sancionar, a hacer una investigaci\u00f3n y sancionar a mis agresores, pero todo eso fue una farsa\u201d.<\/p>\n\n\n\n<p>La CNDH emiti\u00f3 la recomendaci\u00f3n 61\/2021, donde se detalla que los profesores F\u00e9lix Aude S\u00e1nchez, Enrique S\u00e1nchez Ballesteros, V\u00edctor Rosales Osorno, Ang\u00e9lica Salmer\u00f3n Jim\u00e9nez, Vanesa Salas y Ram\u00f3n L\u00f3pez hostigaron a Remedios.<\/p>\n\n\n\n<p>Remedios indic\u00f3 que se inici\u00f3 un proceso penal por el caso pero el juez no vincul\u00f3 a proceso a sus agresores, argumentando que no hab\u00eda violencia de g\u00e9nero porque hay dos mujeres entre las personas se\u00f1aladas, lo que resulta un insulto para la v\u00edctima.<\/p>\n\n\n\n<p>Tambi\u00e9n mencion\u00f3 que el rector de la UV, Mart\u00edn Aguilar S\u00e1nchez, pidi\u00f3 una disculpa p\u00fablica a la afectada, pero hasta el momento no ha habido justicia en el caso.<\/p>\n\n\n\n<p>\u201cPero solamente fue en el discurso, pero en lo real, en los hechos, ha habido m\u00e1s violaciones a mi persona. De hecho, las funcionarias, algunas funcionarias, (la abogada general y la exasesora jur\u00eddica) me llamaron para persuadirme de que retirara la denuncia penal, apelando, incurriendo en falacias, misericordia, que qu\u00e9 iba a pasar con los profesores, qu\u00e9 iba a pasar con los estudiantes, que no iban a tener quienes los representaran. O sea, pensaban en todos, menos en m\u00ed\u201d, relat\u00f3 \u00c1lvarez Santos.<\/p>\n\n\n\n<p>Mencion\u00f3 que la carpeta de investigaci\u00f3n fue extraviada en su momento; sin embargo, al caso no se le ha dado \u201ccarpetazo\u201d gracias a que ella ha pagado a un grupo de abogados para su defensa legal.<\/p>\n\n\n\n<p>\u201cVan ocho fiscales, en mi caso. La carpeta se extravi\u00f3 en un momento, gracias a que yo estoy solventando los gastos de un buffet de abogados. Pues es que esto no se le dio carpetazo. Entonces, s\u00ed, lleg\u00f3 hasta un juez, se judicializ\u00f3 la carpeta, pero los resultados obviamente no fueron alentadores. Entonces, ahorita estamos en apelaci\u00f3n. Desafortunadamente, no ha llegado todav\u00eda el caso al juez que va ahora a dictaminar. No sabemos si va a ratificar la postura del juez Ren\u00e9 Ortiz Artorius, o toque otro juez, no lo sabemos. Pero pues estamos en espera\u201d, remat\u00f3 la acad\u00e9mica.<\/p>\n","protected":false},"excerpt":{"rendered":"<p>Juan Arcos Xalapa, Ver.- La profesora de filosof\u00eda Remedios \u00c1lvarez Santos denunci\u00f3 la falta de justicia en un caso de acoso y hostigamiento que denunci\u00f3 desde el a\u00f1o 2017, donde se\u00f1al\u00f3 directamente a algunos de sus compa\u00f1eros docentes de la Universidad Veracruzana (UV). En conferencia de prensa, la acad\u00e9mica record\u00f3 que no han sido acatadas [&hellip;]<\/p>\n","protected":false},"author":2476,"featured_media":49702,"comment_status":"open","ping_status":"open","sticky":false,"template":"","format":"standard","meta":{"_jetpack_memberships_contains_paid_content":false,"footnotes":""},"categories":[2],"tags":[],"class_list":["post-49701","post","type-post","status-publish","format-standard","has-post-thumbnail","hentry","category-estado"],"jetpack_featured_media_url":"https:\/\/encuentroinformativo.com.mx\/wp-content\/uploads\/2024\/01\/IMG_6040.jpg","jetpack_sharing_enabled":true,"jetpack_likes_enabled":true,"amp_enabled":true,"_links":{"self":[{"href":"https:\/\/encuentroinformativo.com.mx\/index.php?rest_route=\/wp\/v2\/posts\/49701","targetHints":{"allow":["GET"]}}],"collection":[{"href":"https:\/\/encuentroinformativo.com.mx\/index.php?rest_route=\/wp\/v2\/posts"}],"about":[{"href":"https:\/\/encuentroinformativo.com.mx\/index.php?rest_route=\/wp\/v2\/types\/post"}],"author":[{"embeddable":true,"href":"https:\/\/encuentroinformativo.com.mx\/index.php?rest_route=\/wp\/v2\/users\/2476"}],"replies":[{"embeddable":true,"href":"https:\/\/encuentroinformativo.com.mx\/index.php?rest_route=%2Fwp%2Fv2%2Fcomments&post=49701"}],"version-history":[{"count":1,"href":"https:\/\/encuentroinformativo.com.mx\/index.php?rest_route=\/wp\/v2\/posts\/49701\/revisions"}],"predecessor-version":[{"id":49703,"href":"https:\/\/encuentroinformativo.com.mx\/index.php?rest_route=\/wp\/v2\/posts\/49701\/revisions\/49703"}],"wp:featuredmedia":[{"embeddable":true,"href":"https:\/\/encuentroinformativo.com.mx\/index.php?rest_route=\/wp\/v2\/media\/49702"}],"wp:attachment":[{"href":"https:\/\/encuentroinformativo.com.mx\/index.php?rest_route=%2Fwp%2Fv2%2Fmedia&parent=49701"}],"wp:term":[{"taxonomy":"category","embeddable":true,"href":"https:\/\/encuentroinformativo.com.mx\/index.php?rest_route=%2Fwp%2Fv2%2Fcategories&post=49701"},{"taxonomy":"post_tag","embeddable":true,"href":"https:\/\/encuentroinformativo.com.mx\/index.php?rest_route=%2Fwp%2Fv2%2Ftags&post=49701"}],"curies":[{"name":"wp","href":"https:\/\/api.w.org\/{rel}","templated":true}]}}