{"id":49707,"date":"2024-01-22T10:28:27","date_gmt":"2024-01-22T16:28:27","guid":{"rendered":"https:\/\/encuentroinformativo.com.mx\/?p=49707"},"modified":"2024-01-22T13:37:18","modified_gmt":"2024-01-22T19:37:18","slug":"incongruente-aumento-al-agua-en-puente-moreno-acusa-diputado","status":"publish","type":"post","link":"https:\/\/encuentroinformativo.com.mx\/?p=49707","title":{"rendered":"Incongruente aumento al agua en Puente Moreno, acusa Diputado"},"content":{"rendered":"\n<p><strong>Alejandro \u00c1vila<\/strong><\/p>\n\n\n\n<p>Medell\u00edn de Bravo, Ver.- Tras darse a conocer el aumento a las tarifas de agua en los fraccionamientos Puente Moreno y Lagos de Puente Moreno; el diputado local, Magdaleno Rosales Torres, lament\u00f3 la incongruencia del Cabildo medellinense.<\/p>\n\n\n\n<p>Es de recordar que, el propio alcalde, Marcos Isle\u00f1o dio a conocer que debido a la falta de inversi\u00f3n e infraestructura hidr\u00e1ulica en el municipio, exhortaba a la ciudadan\u00eda a pagar \u00fanicamente 23 pesos mensuales por el servicio de agua potable a Grupo MAS, a partir de este 2024.<\/p>\n\n\n\n<p>Grupo MAS suministra el agua potable en casi todo el municipio, menos en la zona urbana de Puente Moreno y Lagos de Puente Moreno, donde es Urbanizadora Medell\u00edn qui\u00e9n proporciona el servicio.<\/p>\n\n\n\n<p>&#8220;Se esperaba que bajara tambi\u00e9n las tarifas en Puente Moreno y Lagos de Puente Moreno, m\u00e1s no que las incrementara, incongruencia total de parte del Cabildo&#8221;, mencion\u00f3 Magdaleno Rosales.<\/p>\n\n\n\n<p>A decir del legislador morenista, se rumora que una vez eliminando Grupo MAS de Medell\u00edn de Bravo, ser\u00eda la empresa Urbanizadora Medell\u00edn, propiedad del empresario, Luis Barqu\u00edn G\u00f3mez, qui\u00e9n suministrar\u00eda la totalidad del servicio de agua en el municipio.<\/p>\n\n\n\n<p>&#8220;Es a qui\u00e9n quiere concesionarle el agua, quiere darle la concesi\u00f3n del agua, no ha podido porque en el Congreso tenemos &#8216;congelada&#8217; esa privatizaci\u00f3n del agua, por eso no ha podido darle a Urbanizadora Medell\u00edn esa concesi\u00f3n. El municipio ya hice una sesi\u00f3n de Cabildo donde est\u00e1 queri\u00e9ndole dar la concesi\u00f3n a Luis Barqu\u00edn G\u00f3mez y a su empresa Urbanizadora Medell\u00edn&#8221;, sentenci\u00f3.<\/p>\n\n\n\n<p>Magdaleno Rosales expuso que los ciudadanos han denunciado que en esos dos fraccionamientos hay muchos problemas de corte de agua potable de forma arbitraria, cobros de multas injustificadas, entre otros.<\/p>\n\n\n\n<p>&#8220;Dejan sin agua a las casas sin importarle que haya adultos mayores, gente enferma, ni\u00f1os, les quitan el agua cien por ciento, la ley es muy clara, no pueden dejar a la gente sin agua, tienen que dejarle m\u00ednimo un 30 por ciento&#8221;, remat\u00f3&nbsp;<\/p>\n","protected":false},"excerpt":{"rendered":"<p>Alejandro \u00c1vila Medell\u00edn de Bravo, Ver.- Tras darse a conocer el aumento a las tarifas de agua en los fraccionamientos Puente Moreno y Lagos de Puente Moreno; el diputado local, Magdaleno Rosales Torres, lament\u00f3 la incongruencia del Cabildo medellinense. Es de recordar que, el propio alcalde, Marcos Isle\u00f1o dio a conocer que debido a la [&hellip;]<\/p>\n","protected":false},"author":2476,"featured_media":49708,"comment_status":"open","ping_status":"open","sticky":false,"template":"","format":"standard","meta":{"_jetpack_memberships_contains_paid_content":false,"footnotes":""},"categories":[2],"tags":[],"class_list":["post-49707","post","type-post","status-publish","format-standard","has-post-thumbnail","hentry","category-estado"],"jetpack_featured_media_url":"https:\/\/encuentroinformativo.com.mx\/wp-content\/uploads\/2024\/01\/IMG-20240122-WA0016.jpg","jetpack_sharing_enabled":true,"jetpack_likes_enabled":true,"amp_enabled":true,"_links":{"self":[{"href":"https:\/\/encuentroinformativo.com.mx\/index.php?rest_route=\/wp\/v2\/posts\/49707","targetHints":{"allow":["GET"]}}],"collection":[{"href":"https:\/\/encuentroinformativo.com.mx\/index.php?rest_route=\/wp\/v2\/posts"}],"about":[{"href":"https:\/\/encuentroinformativo.com.mx\/index.php?rest_route=\/wp\/v2\/types\/post"}],"author":[{"embeddable":true,"href":"https:\/\/encuentroinformativo.com.mx\/index.php?rest_route=\/wp\/v2\/users\/2476"}],"replies":[{"embeddable":true,"href":"https:\/\/encuentroinformativo.com.mx\/index.php?rest_route=%2Fwp%2Fv2%2Fcomments&post=49707"}],"version-history":[{"count":1,"href":"https:\/\/encuentroinformativo.com.mx\/index.php?rest_route=\/wp\/v2\/posts\/49707\/revisions"}],"predecessor-version":[{"id":49709,"href":"https:\/\/encuentroinformativo.com.mx\/index.php?rest_route=\/wp\/v2\/posts\/49707\/revisions\/49709"}],"wp:featuredmedia":[{"embeddable":true,"href":"https:\/\/encuentroinformativo.com.mx\/index.php?rest_route=\/wp\/v2\/media\/49708"}],"wp:attachment":[{"href":"https:\/\/encuentroinformativo.com.mx\/index.php?rest_route=%2Fwp%2Fv2%2Fmedia&parent=49707"}],"wp:term":[{"taxonomy":"category","embeddable":true,"href":"https:\/\/encuentroinformativo.com.mx\/index.php?rest_route=%2Fwp%2Fv2%2Fcategories&post=49707"},{"taxonomy":"post_tag","embeddable":true,"href":"https:\/\/encuentroinformativo.com.mx\/index.php?rest_route=%2Fwp%2Fv2%2Ftags&post=49707"}],"curies":[{"name":"wp","href":"https:\/\/api.w.org\/{rel}","templated":true}]}}