{"id":49716,"date":"2024-01-22T14:42:22","date_gmt":"2024-01-22T20:42:22","guid":{"rendered":"https:\/\/encuentroinformativo.com.mx\/?p=49716"},"modified":"2024-01-22T14:42:27","modified_gmt":"2024-01-22T20:42:27","slug":"urbanizadora-medellin-tomaria-control-del-agua-en-medellin-de-bravo-regidor","status":"publish","type":"post","link":"https:\/\/encuentroinformativo.com.mx\/?p=49716","title":{"rendered":"Urbanizadora Medell\u00edn tomar\u00eda control del agua en Medell\u00edn de Bravo: Regidor"},"content":{"rendered":"\n<p><strong>Alejandro \u00c1vila<\/strong><\/p>\n\n\n\n<p>Medell\u00edn de Bravo, Ver.- El regidor de Movimiento Ciudadano, Fernando Aguirre, asegur\u00f3 que ha recibido curr\u00edculums de personas muy cercanas al empresario, Luis Barquin G\u00f3mez, para que estos se sumen a la recien creada Comisi\u00f3n Municipal de Agua y Saneamiento.<\/p>\n\n\n\n<p>Esto, aunado a la guerra que emprendi\u00f3 el Ayuntamiento de Medell\u00edn de Bravo contra la empresa privada Grupo MAS, considera es una estrategia para que en un futuro sea la empresa Urbanizadora Medell\u00edn quien administre el agua potable en todo el municipio.<\/p>\n\n\n\n<p>&#8220;Aqu\u00ed lo que yo percibo es que muy probablemente quiera desaparecer el Grupo MAS en la administraci\u00f3n del agua en lo que resta del municipio, para que la nueva Comisi\u00f3n Municipal de Agua y Saneamiento, la cual ya hicimos tambi\u00e9n sesi\u00f3n de Cabildo, sea operada por gente del se\u00f1or Barqu\u00edn, porque ya yo en lo personal he recibido curr\u00edculum vitae de gente muy cerca del empresario, el se\u00f1or Barqu\u00edn. Entonces percibo eso, que a lo mejor la idea es quitarlo para que esta persona siga administrando y se quede con el dominio total de todo el municipio en lo que respecta al manejo del agua&#8221;, expres\u00f3.<\/p>\n\n\n\n<p>El edil record\u00f3 que el pasado jueves 21 de diciembre del 2023 se realiz\u00f3 una sesi\u00f3n de Cabildo donde se realizaron dos actas por separado; una d\u00f3nde se aprobaba el decremento de las tarifas de pago a Grupo MAS, por las irregularidades en el servicio que da a los medellinenses, y donde se opt\u00f3 oor qu\u00e9 los ciudadanos pagaran \u00fanicamente 23 pesos al mes.<\/p>\n\n\n\n<p>&#8220;Acabando esa acta viene otra donde viene el incremento del 3 por ciento a las tarifas de agua el Urbanizadora Medell\u00edn para los dos fraccionamientos, Puente Moreno y Lagos de Puente Moreno. Donde por ah\u00ed es incongruente, le coment\u00e9 a mis compa\u00f1eros, que c\u00f3mo es posible que le bajamos a una empresa y le subimos a esta, y en lo que es el producto est\u00e1 igual, en unas zonas del fraccionamiento tenemos reporte, yo en lo personal, de que el agua es de mala calidad, con gusanitos, con tierra, con lodo, y en otras partes no, va a 50 y 50 (\u2026) yo vot\u00e9 en contra porque percib\u00ed que es injusto ese aumento y mas a como est\u00e1 la situaci\u00f3n econ\u00f3mica, no nada m\u00e1s del estado sino del pa\u00eds, vi injusto que hab\u00eda que subirle, entonces ah\u00ed s\u00ed estuve en contra, mis compa\u00f1eros a favor, y en la de Grupo MAS todos coincidimos, fue una votaci\u00f3n un\u00e1nime&#8221;, remat\u00f3.<\/p>\n","protected":false},"excerpt":{"rendered":"<p>Alejandro \u00c1vila Medell\u00edn de Bravo, Ver.- El regidor de Movimiento Ciudadano, Fernando Aguirre, asegur\u00f3 que ha recibido curr\u00edculums de personas muy cercanas al empresario, Luis Barquin G\u00f3mez, para que estos se sumen a la recien creada Comisi\u00f3n Municipal de Agua y Saneamiento. Esto, aunado a la guerra que emprendi\u00f3 el Ayuntamiento de Medell\u00edn de Bravo [&hellip;]<\/p>\n","protected":false},"author":2476,"featured_media":49717,"comment_status":"open","ping_status":"open","sticky":false,"template":"","format":"standard","meta":{"_jetpack_memberships_contains_paid_content":false,"footnotes":""},"categories":[2],"tags":[],"class_list":["post-49716","post","type-post","status-publish","format-standard","has-post-thumbnail","hentry","category-estado"],"jetpack_featured_media_url":"https:\/\/encuentroinformativo.com.mx\/wp-content\/uploads\/2024\/01\/IMG-20240122-WA00172.jpg","jetpack_sharing_enabled":true,"jetpack_likes_enabled":true,"amp_enabled":true,"_links":{"self":[{"href":"https:\/\/encuentroinformativo.com.mx\/index.php?rest_route=\/wp\/v2\/posts\/49716","targetHints":{"allow":["GET"]}}],"collection":[{"href":"https:\/\/encuentroinformativo.com.mx\/index.php?rest_route=\/wp\/v2\/posts"}],"about":[{"href":"https:\/\/encuentroinformativo.com.mx\/index.php?rest_route=\/wp\/v2\/types\/post"}],"author":[{"embeddable":true,"href":"https:\/\/encuentroinformativo.com.mx\/index.php?rest_route=\/wp\/v2\/users\/2476"}],"replies":[{"embeddable":true,"href":"https:\/\/encuentroinformativo.com.mx\/index.php?rest_route=%2Fwp%2Fv2%2Fcomments&post=49716"}],"version-history":[{"count":1,"href":"https:\/\/encuentroinformativo.com.mx\/index.php?rest_route=\/wp\/v2\/posts\/49716\/revisions"}],"predecessor-version":[{"id":49718,"href":"https:\/\/encuentroinformativo.com.mx\/index.php?rest_route=\/wp\/v2\/posts\/49716\/revisions\/49718"}],"wp:featuredmedia":[{"embeddable":true,"href":"https:\/\/encuentroinformativo.com.mx\/index.php?rest_route=\/wp\/v2\/media\/49717"}],"wp:attachment":[{"href":"https:\/\/encuentroinformativo.com.mx\/index.php?rest_route=%2Fwp%2Fv2%2Fmedia&parent=49716"}],"wp:term":[{"taxonomy":"category","embeddable":true,"href":"https:\/\/encuentroinformativo.com.mx\/index.php?rest_route=%2Fwp%2Fv2%2Fcategories&post=49716"},{"taxonomy":"post_tag","embeddable":true,"href":"https:\/\/encuentroinformativo.com.mx\/index.php?rest_route=%2Fwp%2Fv2%2Ftags&post=49716"}],"curies":[{"name":"wp","href":"https:\/\/api.w.org\/{rel}","templated":true}]}}