{"id":49722,"date":"2024-01-22T15:04:57","date_gmt":"2024-01-22T21:04:57","guid":{"rendered":"https:\/\/encuentroinformativo.com.mx\/?p=49722"},"modified":"2024-01-22T15:05:01","modified_gmt":"2024-01-22T21:05:01","slug":"se-quedan-en-prision-4-policias-por-caso-de-lerdo","status":"publish","type":"post","link":"https:\/\/encuentroinformativo.com.mx\/?p=49722","title":{"rendered":"Se quedan en prisi\u00f3n 4 polic\u00edas por caso de Lerdo"},"content":{"rendered":"\n<p><strong>Juan Arcos <\/strong><\/p>\n\n\n\n<p>Xalapa, Ver &#8211; Un juez impuso la medida cautelar de prisi\u00f3n preventiva justificada por dos a\u00f1os a los cuatro polic\u00edas del municipio de Lerdo de Tejada, como presuntos responsables del asesinato de Brandon Arellano Cruz, en hechos ocurridos la noche del pasado viernes 19 de enero.<\/p>\n\n\n\n<p>Se trata de Jos\u00e9 Manuel \u201cN\u201d, \u00d3scar \u201cN\u201d, C\u00e9sar \u201cN\u201d y Rufino \u201cN\u201d, quienes fung\u00edan como polic\u00edas municipales en la mencionada ciudad, ubicada en la regi\u00f3n del Papaloapan, al sur de la entidad veracruzana.<\/p>\n\n\n\n<p>Esto lo confirm\u00f3 la Fiscal\u00eda General del Estado de Veracruz (FGE), encabezada por Ver\u00f3nica Hern\u00e1ndez Giad\u00e1ns, durante la tarde de este lunes 22 de enero, a trav\u00e9s de un breve comunicado.<\/p>\n\n\n\n<p>&#8220;A trav\u00e9s de la Fiscal\u00eda Regional de la zona Centro Cosamaloapan obtuvo de un juez la imputaci\u00f3n en contra de Jos\u00e9 Manuel, \u00d3scar, C\u00e9sar, y Rufino, quienes fung\u00edan como Polic\u00edas Municipales en esta ciudad, como presuntos responsables del delito de homicidio doloso en agravio de la v\u00edctima identificada con las iniciales B.J.A.\u201d, se lee en una parte del documento.<\/p>\n\n\n\n<p>Las autoridades de Veracruz reconocieron que los ahora imputados presuntamente participaron en los hechos donde perdiera la vida el joven, de 27 a\u00f1os, por disparo de arma de fuego.<\/p>\n\n\n\n<p>Despu\u00e9s del crimen y de la detenci\u00f3n de los presuntos implicados, el juez de control les dict\u00f3 como medida cautelar la prisi\u00f3n preventiva justificada por dos a\u00f1os, dentro del proceso penal 18\/2024.<\/p>\n\n\n\n<p>La noche del pasado viernes, los habitantes de Lerdo de Tejada golpearon a los polic\u00edas y quemaron una patrulla y el Palacio Municipal, luego de que los elementos de seguridad asesinaran al joven que confundieron con un presunto delincuente.<\/p>\n\n\n\n<p>Los hechos ocurrieron en la colonia Cirilo Palacios, donde los vecinos acusaron a los polic\u00edas de abrir fuego en contra de Brandon, a quien le marcaron el alto, pero no se detuvo y le dispararon, caus\u00e1ndole la muerte dentro del veh\u00edculo que conduc\u00eda.<\/p>\n\n\n\n<p>En videos que circulan en redes sociales se exhibe el momento en que el padre de Brandon intenta reanimarlo moviendo sus mejillas y presionando la herida que tiene en la parte trasera del cuello. Entre l\u00e1grimas le pide a su hijo que sobreviva.<\/p>\n\n\n\n<p>Despu\u00e9s de los destrozos que hicieron los habitantes enardecidos, la Secretar\u00eda de Seguridad P\u00fablica (SSP) dio a conocer la detenci\u00f3n de los cuatro polic\u00edas se\u00f1alados como presuntos responsables de la muerte del joven.<\/p>\n\n\n\n<h3 class=\"wp-block-heading\">GN ASUME SEGURIDAD EN LERDO<\/h3>\n\n\n\n<p>El gobernador de Veracruz, Cuitl\u00e1huac Garc\u00eda Jim\u00e9nez, confirm\u00f3 este lunes que la Guardia Nacional asumi\u00f3 el control de la seguridad en el municipio de Lerdo de Tejada tras lo ocurrido durante el fin de semana.<\/p>\n\n\n\n<p>Familiares y amigos dieron el \u00faltimo adi\u00f3s y sepultaron a Brandon en el pante\u00f3n municipal de Lerdo, durante la tarde del domingo 21 de enero, y lanzaron un fuerte reclamo a las autoridades para que haya justicia en el caso.<\/p>\n","protected":false},"excerpt":{"rendered":"<p>Juan Arcos Xalapa, Ver &#8211; Un juez impuso la medida cautelar de prisi\u00f3n preventiva justificada por dos a\u00f1os a los cuatro polic\u00edas del municipio de Lerdo de Tejada, como presuntos responsables del asesinato de Brandon Arellano Cruz, en hechos ocurridos la noche del pasado viernes 19 de enero. Se trata de Jos\u00e9 Manuel \u201cN\u201d, \u00d3scar [&hellip;]<\/p>\n","protected":false},"author":2476,"featured_media":49723,"comment_status":"open","ping_status":"open","sticky":false,"template":"","format":"standard","meta":{"_jetpack_memberships_contains_paid_content":false,"footnotes":""},"categories":[2],"tags":[],"class_list":["post-49722","post","type-post","status-publish","format-standard","has-post-thumbnail","hentry","category-estado"],"jetpack_featured_media_url":"https:\/\/encuentroinformativo.com.mx\/wp-content\/uploads\/2024\/01\/3f9e1bee-0316-49f4-a6d9-9442d79c0fc5.jpg","jetpack_sharing_enabled":true,"jetpack_likes_enabled":true,"amp_enabled":true,"_links":{"self":[{"href":"https:\/\/encuentroinformativo.com.mx\/index.php?rest_route=\/wp\/v2\/posts\/49722","targetHints":{"allow":["GET"]}}],"collection":[{"href":"https:\/\/encuentroinformativo.com.mx\/index.php?rest_route=\/wp\/v2\/posts"}],"about":[{"href":"https:\/\/encuentroinformativo.com.mx\/index.php?rest_route=\/wp\/v2\/types\/post"}],"author":[{"embeddable":true,"href":"https:\/\/encuentroinformativo.com.mx\/index.php?rest_route=\/wp\/v2\/users\/2476"}],"replies":[{"embeddable":true,"href":"https:\/\/encuentroinformativo.com.mx\/index.php?rest_route=%2Fwp%2Fv2%2Fcomments&post=49722"}],"version-history":[{"count":1,"href":"https:\/\/encuentroinformativo.com.mx\/index.php?rest_route=\/wp\/v2\/posts\/49722\/revisions"}],"predecessor-version":[{"id":49724,"href":"https:\/\/encuentroinformativo.com.mx\/index.php?rest_route=\/wp\/v2\/posts\/49722\/revisions\/49724"}],"wp:featuredmedia":[{"embeddable":true,"href":"https:\/\/encuentroinformativo.com.mx\/index.php?rest_route=\/wp\/v2\/media\/49723"}],"wp:attachment":[{"href":"https:\/\/encuentroinformativo.com.mx\/index.php?rest_route=%2Fwp%2Fv2%2Fmedia&parent=49722"}],"wp:term":[{"taxonomy":"category","embeddable":true,"href":"https:\/\/encuentroinformativo.com.mx\/index.php?rest_route=%2Fwp%2Fv2%2Fcategories&post=49722"},{"taxonomy":"post_tag","embeddable":true,"href":"https:\/\/encuentroinformativo.com.mx\/index.php?rest_route=%2Fwp%2Fv2%2Ftags&post=49722"}],"curies":[{"name":"wp","href":"https:\/\/api.w.org\/{rel}","templated":true}]}}