{"id":49728,"date":"2024-01-22T15:25:51","date_gmt":"2024-01-22T21:25:51","guid":{"rendered":"https:\/\/encuentroinformativo.com.mx\/?p=49728"},"modified":"2024-01-22T15:25:56","modified_gmt":"2024-01-22T21:25:56","slug":"crit-de-poza-rica-tendra-taller-de-reparacion-de-sillas-de-ruedas","status":"publish","type":"post","link":"https:\/\/encuentroinformativo.com.mx\/?p=49728","title":{"rendered":"CRIT de Poza Rica tendr\u00e1 taller de reparaci\u00f3n de sillas de ruedas"},"content":{"rendered":"\n<p><strong>Alejandro \u00c1vila<\/strong><\/p>\n\n\n\n<p>Poza Rica, Ver.- Durante los primeros d\u00edas del mes de enero, la Fundaci\u00f3n <em>Wheelchair Mission <\/em>inaugur\u00f3 un Taller de Reparaci\u00f3n y Mantenimiento de Silla de Ruedas en el CRIT de Poza Rica; mismo que ser\u00e1 puesto a disposici\u00f3n de personas de escasos recursos con alguna discapacidad de casi ocho municipios.<\/p>\n\n\n\n<p>Adem\u00e1s, la asociaci\u00f3n altruista tambi\u00e9n hizo entrega de 200 sillas de ruedas que ser\u00e1n repartidas a adultos mayores, j\u00f3venes, ni\u00f1os y ni\u00f1as, que necesiten de este aparato auxiliar.<\/p>\n\n\n\n<p>El director del CRIT Veracruz, \u00c1ngel Ren\u00e9 Zavaleta Mora, expres\u00f3 su agradecimiento por este invaluable gesto y exhort\u00f3 a los ciudadanos a hacer uso del taller, el cual brindar\u00e1 una oportunidad para mejorar la calidad de vida de aquellos que lo necesiten.&nbsp;<\/p>\n\n\n\n<p>Esta entrega de sillas de ruedas representa un paso significativo hacia la inclusi\u00f3n y la mejora de la movilidad de las personas con discapacidad en la comunidad, que no solo beneficia a los pozarricenses sino a personas discapacitadas de 8 municipios.<\/p>\n\n\n\n<figure class=\"wp-block-image size-large\"><img loading=\"lazy\" decoding=\"async\" width=\"1024\" height=\"576\" src=\"https:\/\/encuentroinformativo.com.mx\/wp-content\/uploads\/2024\/01\/IMG-20240122-WA0070-1024x576.jpg\" alt=\"\" class=\"wp-image-49730\" srcset=\"https:\/\/encuentroinformativo.com.mx\/wp-content\/uploads\/2024\/01\/IMG-20240122-WA0070-1024x576.jpg 1024w, https:\/\/encuentroinformativo.com.mx\/wp-content\/uploads\/2024\/01\/IMG-20240122-WA0070-300x169.jpg 300w, https:\/\/encuentroinformativo.com.mx\/wp-content\/uploads\/2024\/01\/IMG-20240122-WA0070-768x432.jpg 768w, https:\/\/encuentroinformativo.com.mx\/wp-content\/uploads\/2024\/01\/IMG-20240122-WA0070-1536x864.jpg 1536w, https:\/\/encuentroinformativo.com.mx\/wp-content\/uploads\/2024\/01\/IMG-20240122-WA0070.jpg 1600w\" sizes=\"auto, (max-width: 1024px) 100vw, 1024px\" \/><\/figure>\n","protected":false},"excerpt":{"rendered":"<p>Alejandro \u00c1vila Poza Rica, Ver.- Durante los primeros d\u00edas del mes de enero, la Fundaci\u00f3n Wheelchair Mission inaugur\u00f3 un Taller de Reparaci\u00f3n y Mantenimiento de Silla de Ruedas en el CRIT de Poza Rica; mismo que ser\u00e1 puesto a disposici\u00f3n de personas de escasos recursos con alguna discapacidad de casi ocho municipios. Adem\u00e1s, la asociaci\u00f3n [&hellip;]<\/p>\n","protected":false},"author":2476,"featured_media":49729,"comment_status":"open","ping_status":"open","sticky":false,"template":"","format":"standard","meta":{"_jetpack_memberships_contains_paid_content":false,"footnotes":""},"categories":[2],"tags":[],"class_list":["post-49728","post","type-post","status-publish","format-standard","has-post-thumbnail","hentry","category-estado"],"jetpack_featured_media_url":"https:\/\/encuentroinformativo.com.mx\/wp-content\/uploads\/2024\/01\/IMG-20240122-WA0073.jpg","jetpack_sharing_enabled":true,"jetpack_likes_enabled":true,"amp_enabled":true,"_links":{"self":[{"href":"https:\/\/encuentroinformativo.com.mx\/index.php?rest_route=\/wp\/v2\/posts\/49728","targetHints":{"allow":["GET"]}}],"collection":[{"href":"https:\/\/encuentroinformativo.com.mx\/index.php?rest_route=\/wp\/v2\/posts"}],"about":[{"href":"https:\/\/encuentroinformativo.com.mx\/index.php?rest_route=\/wp\/v2\/types\/post"}],"author":[{"embeddable":true,"href":"https:\/\/encuentroinformativo.com.mx\/index.php?rest_route=\/wp\/v2\/users\/2476"}],"replies":[{"embeddable":true,"href":"https:\/\/encuentroinformativo.com.mx\/index.php?rest_route=%2Fwp%2Fv2%2Fcomments&post=49728"}],"version-history":[{"count":1,"href":"https:\/\/encuentroinformativo.com.mx\/index.php?rest_route=\/wp\/v2\/posts\/49728\/revisions"}],"predecessor-version":[{"id":49731,"href":"https:\/\/encuentroinformativo.com.mx\/index.php?rest_route=\/wp\/v2\/posts\/49728\/revisions\/49731"}],"wp:featuredmedia":[{"embeddable":true,"href":"https:\/\/encuentroinformativo.com.mx\/index.php?rest_route=\/wp\/v2\/media\/49729"}],"wp:attachment":[{"href":"https:\/\/encuentroinformativo.com.mx\/index.php?rest_route=%2Fwp%2Fv2%2Fmedia&parent=49728"}],"wp:term":[{"taxonomy":"category","embeddable":true,"href":"https:\/\/encuentroinformativo.com.mx\/index.php?rest_route=%2Fwp%2Fv2%2Fcategories&post=49728"},{"taxonomy":"post_tag","embeddable":true,"href":"https:\/\/encuentroinformativo.com.mx\/index.php?rest_route=%2Fwp%2Fv2%2Ftags&post=49728"}],"curies":[{"name":"wp","href":"https:\/\/api.w.org\/{rel}","templated":true}]}}