{"id":49752,"date":"2024-01-23T14:12:14","date_gmt":"2024-01-23T20:12:14","guid":{"rendered":"https:\/\/encuentroinformativo.com.mx\/?p=49752"},"modified":"2024-01-23T14:12:17","modified_gmt":"2024-01-23T20:12:17","slug":"convocan-a-participar-en-marcha-por-la-democracia","status":"publish","type":"post","link":"https:\/\/encuentroinformativo.com.mx\/?p=49752","title":{"rendered":"Convocan a participar en marcha por la democracia"},"content":{"rendered":"\n<p><strong>Dar\u00edo Pale <\/strong><\/p>\n\n\n\n<p>Xalapa, Ver.- El pr\u00f3ximo 18 de febrero en todo el pa\u00eds se llevar\u00e1 a cabo una marcha pac\u00edfica por la democracia, en Xalapa, tambi\u00e9n habr\u00e1 una importante movilizaci\u00f3n inform\u00f3 en conferencia de prensa una de las impulsoras de la iniciativa Adriana Franco Zampayo.<\/p>\n\n\n\n<p>En conferencia de prensa, explic\u00f3 que la marcha partir\u00e1 a las 10:00 de la ma\u00f1ana del Teatro del Estado hacia la plaza Lerdo, ah\u00ed se leer\u00e1 el mensaje del exconsejero presidente del INE, Lorenzo C\u00f3rdova.<\/p>\n\n\n\n<p>La marcha se trata de una expresi\u00f3n de rechazo a las reformas del presidente Andr\u00e9s Manuel L\u00f3pez Obrador para acabar con las instituciones aut\u00f3nomas.<\/p>\n\n\n\n<p>&#8220;Impulsado desde una visi\u00f3n autoritaria y soberbia que no reconoce nuestras construcciones de normas e instituciones a lo largo de un gran periodo de esfuerzos\u201d, se\u00f1al\u00f3.<\/p>\n\n\n\n<p>Se trata de una marcha por la democracia y la defensa de la seguridad del pa\u00eds, as\u00ed como para manifestar el rechaz\u00f3 del &#8220;operativo de Estado&#8221;.<\/p>\n\n\n\n<p>Por otra parte Juan Carlos Krauss se\u00f1al\u00f3 que, &#8220;el Presidente, con esas iniciativas, busca minar a las instituciones, desaparecer al INE completamente, desaparecer al Poder Judicial y, quiere que los ministros se elijan con voto directo mientras ellos, a sus candidatos, no los eligen con voto directo&#8221;.<\/p>\n\n\n\n<p>\u201cConvencidos de que las leyes y la raz\u00f3n nos cubren en nuestra expresi\u00f3n de rechazo a las acciones que hoy por hoy muestran la b\u00fasqueda de desmontar lo que tanto trabajo logr\u00f3 hacerse\u201d, agreg\u00f3.\u00a0Afirm\u00f3 que quienes acudir\u00e1n lo har\u00e1n con la firme convicci\u00f3n de que se construir\u00e1 un mejor andamiaje democr\u00e1tico.<\/p>\n\n\n\n<p>\u201cQue en ello se debe de dar la participaci\u00f3n de todas y todos, pero tambi\u00e9n asumimos que lo que ahora se pretende no va en el sentido de mejorar sino de destruir\u201d, coment\u00f3.<\/p>\n\n\n\n<p>Por ello, enfatiz\u00f3, \u201cconvocamos a la marcha ciudadana pac\u00edfica y ordenada en defensa de nuestra democracia (\u2026), esta movilizaci\u00f3n es de car\u00e1cter nacional y en Xalapa demostraremos que los ciudadanos estamos en favor de la democracia\u201d. \u00a0<\/p>\n\n\n\n<p>Finalmente dieron a conocer que, \u201csiguiendo el trayecto de la avenida \u00c1vila Camacho; en la plaza Lerdo escucharemos el mensaje de Lorenzo C\u00f3rdoba. Invitamos a los ciudadanos a participar en la soluci\u00f3n de los desaf\u00edos del pa\u00eds y la defensa de nuestros derechos\u201d.<\/p>\n","protected":false},"excerpt":{"rendered":"<p>Dar\u00edo Pale Xalapa, Ver.- El pr\u00f3ximo 18 de febrero en todo el pa\u00eds se llevar\u00e1 a cabo una marcha pac\u00edfica por la democracia, en Xalapa, tambi\u00e9n habr\u00e1 una importante movilizaci\u00f3n inform\u00f3 en conferencia de prensa una de las impulsoras de la iniciativa Adriana Franco Zampayo. En conferencia de prensa, explic\u00f3 que la marcha partir\u00e1 a [&hellip;]<\/p>\n","protected":false},"author":2476,"featured_media":49753,"comment_status":"open","ping_status":"open","sticky":false,"template":"","format":"standard","meta":{"_jetpack_memberships_contains_paid_content":false,"footnotes":""},"categories":[2],"tags":[],"class_list":["post-49752","post","type-post","status-publish","format-standard","has-post-thumbnail","hentry","category-estado"],"jetpack_featured_media_url":"https:\/\/encuentroinformativo.com.mx\/wp-content\/uploads\/2024\/01\/IMG-20240123-WA0054.jpg","jetpack_sharing_enabled":true,"jetpack_likes_enabled":true,"amp_enabled":true,"_links":{"self":[{"href":"https:\/\/encuentroinformativo.com.mx\/index.php?rest_route=\/wp\/v2\/posts\/49752","targetHints":{"allow":["GET"]}}],"collection":[{"href":"https:\/\/encuentroinformativo.com.mx\/index.php?rest_route=\/wp\/v2\/posts"}],"about":[{"href":"https:\/\/encuentroinformativo.com.mx\/index.php?rest_route=\/wp\/v2\/types\/post"}],"author":[{"embeddable":true,"href":"https:\/\/encuentroinformativo.com.mx\/index.php?rest_route=\/wp\/v2\/users\/2476"}],"replies":[{"embeddable":true,"href":"https:\/\/encuentroinformativo.com.mx\/index.php?rest_route=%2Fwp%2Fv2%2Fcomments&post=49752"}],"version-history":[{"count":1,"href":"https:\/\/encuentroinformativo.com.mx\/index.php?rest_route=\/wp\/v2\/posts\/49752\/revisions"}],"predecessor-version":[{"id":49754,"href":"https:\/\/encuentroinformativo.com.mx\/index.php?rest_route=\/wp\/v2\/posts\/49752\/revisions\/49754"}],"wp:featuredmedia":[{"embeddable":true,"href":"https:\/\/encuentroinformativo.com.mx\/index.php?rest_route=\/wp\/v2\/media\/49753"}],"wp:attachment":[{"href":"https:\/\/encuentroinformativo.com.mx\/index.php?rest_route=%2Fwp%2Fv2%2Fmedia&parent=49752"}],"wp:term":[{"taxonomy":"category","embeddable":true,"href":"https:\/\/encuentroinformativo.com.mx\/index.php?rest_route=%2Fwp%2Fv2%2Fcategories&post=49752"},{"taxonomy":"post_tag","embeddable":true,"href":"https:\/\/encuentroinformativo.com.mx\/index.php?rest_route=%2Fwp%2Fv2%2Ftags&post=49752"}],"curies":[{"name":"wp","href":"https:\/\/api.w.org\/{rel}","templated":true}]}}