{"id":49759,"date":"2024-01-23T14:34:00","date_gmt":"2024-01-23T20:34:00","guid":{"rendered":"https:\/\/encuentroinformativo.com.mx\/?p=49759"},"modified":"2024-01-23T14:34:04","modified_gmt":"2024-01-23T20:34:04","slug":"insiste-gobernador-en-que-no-violento-la-ley-electoral","status":"publish","type":"post","link":"https:\/\/encuentroinformativo.com.mx\/?p=49759","title":{"rendered":"Insiste Gobernador en que no violent\u00f3 la Ley Electoral"},"content":{"rendered":"\n<p><strong>Dar\u00edo Pale <\/strong><\/p>\n\n\n\n<p>Xalapa, Ver.- Insiste el gobernador que no viol\u00f3 la Ley Electoral ni ha incurrido en excesos por difundir un video con la precandidata de Morena a la gubernatura, Roc\u00edo Nahle Garc\u00eda, as\u00ed lo coment\u00f3 Cuitl\u00e1huac Garc\u00eda Jim\u00e9nez.<\/p>\n\n\n\n<p>En conferencia de prensa expres\u00f3 que si el Organismo P\u00fablico Local Electoral  (OPLE) tiene raz\u00f3n o no, por haberle ordenado que bajara el video de sus redes sociales, &#8220;eso est\u00e1 a discusi\u00f3n&#8221; porque, recalc\u00f3, no ha violado la Ley.<\/p>\n\n\n\n<p>Asimismo, el Ejecutivo sostuvo que legalmente puede responder a la petici\u00f3n que se le hizo por parte del \u00f3rgano electoral.\u00a0<\/p>\n\n\n\n<p>Insisti\u00f3 en que preguntar\u00e1 a qu\u00e9 video se refieren las autoridades electorales, toda vez que cuando el Consejo General sesion\u00f3, el video &#8220;ya no exist\u00eda&#8221;.<\/p>\n\n\n\n<p>Garc\u00eda Jim\u00e9nez defendi\u00f3 que en el video nunca hace referencia a ning\u00fan partido pol\u00edtico o llama a votar, lo cual est\u00e1 prohibido por la Ley.\u00a0<\/p>\n\n\n\n<p>&#8220;Ayer lo dije, ella, Roc\u00edo Nahle, es senadora por Veracruz, con un mill\u00f3n 800 mil votos, yo puedo recibir, a quien guste, en efecto, pero c\u00f3mo no voy a recibir a quien es senadora por Veracruz&#8221;, respondi\u00f3, aunque cabe mencionar que no lleg\u00f3 con esa investidura ni fue por alg\u00fan tema legislativo, el mensaje fue porque hab\u00eda resultado ganadora de la encuesta interna.\u00a0<\/p>\n\n\n\n<p>El Mandatario justific\u00f3 que recibi\u00f3 a Nahle en Casa Veracruz &#8220;anticip\u00e1ndose&#8221; al proceso electoral y aunque primero dijo que pudiera ser que reciba a todos los aspirantes, de inmediato corrigi\u00f3 y dijo que eso no va a ser as\u00ed.<\/p>\n\n\n\n<p>Explic\u00f3 que en el video felicit\u00f3 a Nahle y acus\u00f3 a la oposici\u00f3n y gobiernos anteriores de haber construido una barda cuando la exsecretaria de Energ\u00eda estuvo al frente de la construcci\u00f3n de la refiner\u00eda de Dos Bocas, en Tabasco.<\/p>\n\n\n\n<p>Por \u00faltimo dijo que, &#8220;eso les arde, se pasaron a\u00f1os y d\u00edas mintiendo de que no iba a producir, de que era un fracaso, de que no era lo correcto&#8221;.<\/p>\n","protected":false},"excerpt":{"rendered":"<p>Dar\u00edo Pale Xalapa, Ver.- Insiste el gobernador que no viol\u00f3 la Ley Electoral ni ha incurrido en excesos por difundir un video con la precandidata de Morena a la gubernatura, Roc\u00edo Nahle Garc\u00eda, as\u00ed lo coment\u00f3 Cuitl\u00e1huac Garc\u00eda Jim\u00e9nez. En conferencia de prensa expres\u00f3 que si el Organismo P\u00fablico Local Electoral (OPLE) tiene raz\u00f3n o [&hellip;]<\/p>\n","protected":false},"author":2476,"featured_media":49760,"comment_status":"open","ping_status":"open","sticky":false,"template":"","format":"standard","meta":{"_jetpack_memberships_contains_paid_content":false,"footnotes":""},"categories":[2],"tags":[],"class_list":["post-49759","post","type-post","status-publish","format-standard","has-post-thumbnail","hentry","category-estado"],"jetpack_featured_media_url":"https:\/\/encuentroinformativo.com.mx\/wp-content\/uploads\/2024\/01\/IMG-20240123-WA0064.jpg","jetpack_sharing_enabled":true,"jetpack_likes_enabled":true,"amp_enabled":true,"_links":{"self":[{"href":"https:\/\/encuentroinformativo.com.mx\/index.php?rest_route=\/wp\/v2\/posts\/49759","targetHints":{"allow":["GET"]}}],"collection":[{"href":"https:\/\/encuentroinformativo.com.mx\/index.php?rest_route=\/wp\/v2\/posts"}],"about":[{"href":"https:\/\/encuentroinformativo.com.mx\/index.php?rest_route=\/wp\/v2\/types\/post"}],"author":[{"embeddable":true,"href":"https:\/\/encuentroinformativo.com.mx\/index.php?rest_route=\/wp\/v2\/users\/2476"}],"replies":[{"embeddable":true,"href":"https:\/\/encuentroinformativo.com.mx\/index.php?rest_route=%2Fwp%2Fv2%2Fcomments&post=49759"}],"version-history":[{"count":1,"href":"https:\/\/encuentroinformativo.com.mx\/index.php?rest_route=\/wp\/v2\/posts\/49759\/revisions"}],"predecessor-version":[{"id":49761,"href":"https:\/\/encuentroinformativo.com.mx\/index.php?rest_route=\/wp\/v2\/posts\/49759\/revisions\/49761"}],"wp:featuredmedia":[{"embeddable":true,"href":"https:\/\/encuentroinformativo.com.mx\/index.php?rest_route=\/wp\/v2\/media\/49760"}],"wp:attachment":[{"href":"https:\/\/encuentroinformativo.com.mx\/index.php?rest_route=%2Fwp%2Fv2%2Fmedia&parent=49759"}],"wp:term":[{"taxonomy":"category","embeddable":true,"href":"https:\/\/encuentroinformativo.com.mx\/index.php?rest_route=%2Fwp%2Fv2%2Fcategories&post=49759"},{"taxonomy":"post_tag","embeddable":true,"href":"https:\/\/encuentroinformativo.com.mx\/index.php?rest_route=%2Fwp%2Fv2%2Ftags&post=49759"}],"curies":[{"name":"wp","href":"https:\/\/api.w.org\/{rel}","templated":true}]}}