{"id":49771,"date":"2024-01-23T18:51:14","date_gmt":"2024-01-24T00:51:14","guid":{"rendered":"https:\/\/encuentroinformativo.com.mx\/?p=49771"},"modified":"2024-01-23T18:51:20","modified_gmt":"2024-01-24T00:51:20","slug":"gobierno-fue-omiso-ante-abusos-policiacos-del-rio-virgen","status":"publish","type":"post","link":"https:\/\/encuentroinformativo.com.mx\/?p=49771","title":{"rendered":"Gobierno fue omiso ante abusos policiacos: Del R\u00edo Virgen"},"content":{"rendered":"\n<p><strong>Eirinet G\u00f3mez<\/strong><\/p>\n\n\n\n<p>Xalapa, Ver.- El gobierno de Cuitl\u00e1huac Garc\u00eda Jim\u00e9nez es directamente responsable del abuso policiaco que enlut\u00f3 a una familia en el municipio de Lerdo de Tejada, acus\u00f3 Jos\u00e9 Manuel del R\u00edo Virgen, secretario t\u00e9cnico del Senado de la Rep\u00fablica, y quien vivi\u00f3 en carne propia el abuso del poder por parte del gobierno de Cuitl\u00e1huac Garc\u00eda.<\/p>\n\n\n\n<p>Del R\u00edo Virgen se\u00f1al\u00f3 que el caso de Brandon Arellano \u2013asesinado por polic\u00edas\u2013 alcanza al mandatario estatal, por desestimar las denuncias de los atropellos policiacos que se hab\u00edan hecho con anterioridad.\u00a0Pero tambi\u00e9n por impulsar reformas a los delitos de ultrajes a la autoridad y contra las instituciones, que otorg\u00f3 a los malos polic\u00edas el poder de fabricar delitos.<\/p>\n\n\n\n<p>Antes del homicidio de Brandon Arellano, los habitantes de Lerdo de Tejada le hab\u00edan reclamado al gobierno de Cuitl\u00e1huac Garc\u00eda los abusos de la polic\u00eda, desde hace mucho tiempo, \u201cpero su gobierno omiti\u00f3 darles atenci\u00f3n, permitiendo que los abusos continuaran, lo que trajo como consecuencia el homicidio de un joven sano, a mano de malos polic\u00edas\u201d, dijo Del R\u00edo Virgen.<\/p>\n\n\n\n<p>Pero el funcionario del Senado, a quien el gobierno de Cuitl\u00e1huac Garc\u00eda acus\u00f3 sin pruebas de participar en el crimen de Remigio Ren\u00e9 Tovar Tovar, candidato de MC a la presidencia de Cazones, consider\u00f3 que el gobierno de Garc\u00eda Jim\u00e9nez no solo es responsable por omisi\u00f3n.<\/p>\n\n\n\n<p>Dijo que lo es tambi\u00e9n por tolerar los abusos policiacos, al promover reformas que endurecieron los delitos ultrajes a la autoridad y el delito contra las instituciones, lo \u201cque otorg\u00f3 a los malos polic\u00edas el poder de fabricar delitos con sus falsos testimonios, para encarcelar inocentes\u201d.<\/p>\n\n\n\n<p>En lo ocurrido en Lerdo de Tejada, el gobierno de Garc\u00eda Jimenez tambi\u00e9n suma responsabilidad si se consideran los enjuagues pol\u00edticos que tienen comprometida la gobernabilidad del municipio.\u00a0<\/p>\n\n\n\n<p>Ah\u00ed, Jorge Fabi\u00e1n &#8220;N&#8221;, gan\u00f3 las elecciones a la alcald\u00eda de Lerdo, pero no pudo asumir funciones porque la Fiscal\u00eda de Veracruz lo detuvo por secuestro en diciembre del 2021. Luego, cuando ya todo se preparaba para que\u00a0 \u00c1ngel \u201cN\u201d, suplente\u00a0 de Jorge Fabi\u00e1n, tomara su lugar, la Fiscal\u00eda de Veracruz volvi\u00f3 a intervenir, y lo detuvo por el delito de extorsi\u00f3n.<\/p>\n\n\n\n<p>As\u00ed fue como Mar\u00eda Esther Arroniz, quien estaba en la planilla como s\u00edndica \u00fanica, asumi\u00f3 la administraci\u00f3n el 1 enero de 2022. Esther Arroniz es quien actualmente hace funciones de presidenta municipal, pese a que ha vencido el periodo de 90 d\u00edas, que le permite la ley.<\/p>\n\n\n\n<p>El Congreso de Veracruz, que es la instancia que deber\u00eda dar certeza jur\u00eddica a los habitantes, permanece inm\u00f3vil, indolente.Pero no solo eso. La deuda de Garc\u00eda Jim\u00e9nez con los pobladores de Lerdo se ensancha si se considera tambi\u00e9n el rezago econ\u00f3mico y la falta de empleo que predomina en la localidad, y que \u00e9l prometi\u00f3 que iba a revertir. En marzo del 2021, Cuitl\u00e1huac Garc\u00eda lleg\u00f3 hasta Lerdo, y de frente a sus habitantes anunci\u00f3 la rehabilitaci\u00f3n del ingenio \u201cSan Francisco El Naranjal\u201d, y habl\u00f3 con profundidad de c\u00f3mo se generar\u00edan empleos y se acabar\u00eda con la pobreza. Se ufan\u00f3 de que ser\u00eda el mejor ingenio de Am\u00e9rica Latina, y que estar\u00eda dedicado a la producci\u00f3n de alcohol.\u00a0Pero a unos meses de que Cuitl\u00e1huac Garc\u00eda deje el cargo, su promesa se desvanece. El ingenio est\u00e1 desmantelado, sin operar, y los habitantes de Lerdo sin empleo.<\/p>\n\n\n\n<p>Este lunes, acorralado por los periodistas que le preguntaban por la ola de violencia registrada el fin de semana en Veracruz, Grac\u00eda Jimenez comenz\u00f3 una disertaci\u00f3n, que pronto pas\u00f3 de las promesas de justicia para Brandon Arellano, a un discurso victimizante, en donde volvi\u00f3 a aludir el encarcelamiento del secretario t\u00e9cnico del Senado.<\/p>\n\n\n\n<p>Due\u00f1o del micr\u00f3fono y arropado por los funcionarios de su gobierno, Garc\u00eda Jim\u00e9nez revivi\u00f3 aquel episodio de diciembre del 2021, cuando su gobierno lo acus\u00f3 de participar en el crimen de Remigio Ren\u00e9 Tovar Tovar, candidato de MC a la presidencia de Cazones.\u00a0Y a pesar de que el caso se cay\u00f3 en las instancias judiciales por falta de pruebas, lo puso de ejemplo de combate a la impunidad y de buen ejercicio de la justicia.<\/p>\n\n\n\n<p>Del R\u00edo Virgen, ex diputado federal (2006-2009) y ex presidente municipal de Tecolutla,\u00a0 no dej\u00f3 pasar las declaraciones de Cuitl\u00e1huac Garc\u00eda. Y como alguien que ha vivido el abuso de poder, le record\u00f3 al mandatario veracruzano que su responsabilidad es enfocarse en atender temas relevantes, como el de Lerdo de Tejada.<\/p>\n\n\n\n<p>\u201cGarantizar Justicia no es un discurso, ni perseguir a quienes nos critican\u201d, dijo el secretario t\u00e9cnico del Senado de la Rep\u00fablica, quien cuestion\u00f3 al gobierno de Cuitl\u00e1huac Garc\u00eda hablar querer habla de justicia, cuando en Veracruz se acumulan los casos de secuestro, periodistas asesinados, feminicidios, el menosprecia a las madres buscadoras y no se atiende el reclamo de abusos por parte de las autoridades.<\/p>\n\n\n\n<p>Del R\u00edo Virgen se\u00f1al\u00f3 que como un simple ciudadano, al igual que miles de familias veracruzanas, sufri\u00f3 el abuso de poder de\u00a0 los polic\u00edas, ministerios p\u00fablicos y jueces locales, y que tuvo que luchar\u00a0 hasta que el Poder Judicial de la Federaci\u00f3n le devolviera su libertad.<\/p>\n\n\n\n<p>&#8220;El Juzgado de Distrito y el Tribunal Colegiado de Circuito, fueron contundentes: yo\u00a0 no tuve nada que ver en el delito que me fabricaron\u201d, se\u00f1al\u00f3. <\/p>\n\n\n\n<p>Y reiter\u00f3 que su encarcelamiento tuvo lugar porque fue v\u00edctima de un proceso legal basado en el odio, por denunciar la ineptitud y corrupci\u00f3n del gobierno de Cuitl\u00e1huac Garc\u00eda. \u201cPor se\u00f1alar en voz alta la inconformidad de los veracruzanos, asum\u00ed con mi propia libertad las consecuencias de enfrentar al estado arbitrario\u201d.<\/p>\n\n\n\n<p>Del R\u00edo Virgen dijo que por su caso, la CNDH emiti\u00f3 la recomendaci\u00f3n 59\/2022, en la donde\u00a0 determin\u00f3 que la Fiscal\u00eda del Estado de Veracruz vulner\u00f3 su derecho de acceso a la justicia en su modalidad de procuraci\u00f3n de justicia, \u201cal realizar una deficiente valoraci\u00f3n de pruebas, desestimando la verdad de los hechos y pretendiendo crear una variante paralela a la realidad, abusando de sus facultades y del ejercicio de poder\u201d.<\/p>\n\n\n\n<p>En esa recomendaci\u00f3n, la CNDH pidi\u00f3\u00a0 al gobierno de Garc\u00eda Jim\u00e9nez\u00a0 colaborar ampliamente en las denuncias que la CNDH interpusiera en contra de los polic\u00edas ministeriales y la fiscal\u00eda investigadora que violaron mis derechos.<\/p>\n\n\n\n<p>\u00a0Del R\u00edo Virgen, que tras su injusta aprehensi\u00f3n ech\u00f3 andar el Proyecto Inocencia para defender a las personas inocentes que han sido encarceladas, mencion\u00f3 que la negativa del gobierno de Garc\u00eda Jim\u00e9nez de aceptar la recomendaci\u00f3n de la CNDH es una muestra clara de que en Veracruz prevalece la impunidad que cubre a polic\u00edas, ministerios p\u00fablicos y jueces, \u201cmientras obedezcan \u00f3rdenes del Estado, por ilegales que sean, nada los toca\u201d.<\/p>\n","protected":false},"excerpt":{"rendered":"<p>Eirinet G\u00f3mez Xalapa, Ver.- El gobierno de Cuitl\u00e1huac Garc\u00eda Jim\u00e9nez es directamente responsable del abuso policiaco que enlut\u00f3 a una familia en el municipio de Lerdo de Tejada, acus\u00f3 Jos\u00e9 Manuel del R\u00edo Virgen, secretario t\u00e9cnico del Senado de la Rep\u00fablica, y quien vivi\u00f3 en carne propia el abuso del poder por parte del gobierno [&hellip;]<\/p>\n","protected":false},"author":2476,"featured_media":49723,"comment_status":"open","ping_status":"open","sticky":false,"template":"","format":"standard","meta":{"_jetpack_memberships_contains_paid_content":false,"footnotes":""},"categories":[2],"tags":[],"class_list":["post-49771","post","type-post","status-publish","format-standard","has-post-thumbnail","hentry","category-estado"],"jetpack_featured_media_url":"https:\/\/encuentroinformativo.com.mx\/wp-content\/uploads\/2024\/01\/3f9e1bee-0316-49f4-a6d9-9442d79c0fc5.jpg","jetpack_sharing_enabled":true,"jetpack_likes_enabled":true,"amp_enabled":true,"_links":{"self":[{"href":"https:\/\/encuentroinformativo.com.mx\/index.php?rest_route=\/wp\/v2\/posts\/49771","targetHints":{"allow":["GET"]}}],"collection":[{"href":"https:\/\/encuentroinformativo.com.mx\/index.php?rest_route=\/wp\/v2\/posts"}],"about":[{"href":"https:\/\/encuentroinformativo.com.mx\/index.php?rest_route=\/wp\/v2\/types\/post"}],"author":[{"embeddable":true,"href":"https:\/\/encuentroinformativo.com.mx\/index.php?rest_route=\/wp\/v2\/users\/2476"}],"replies":[{"embeddable":true,"href":"https:\/\/encuentroinformativo.com.mx\/index.php?rest_route=%2Fwp%2Fv2%2Fcomments&post=49771"}],"version-history":[{"count":1,"href":"https:\/\/encuentroinformativo.com.mx\/index.php?rest_route=\/wp\/v2\/posts\/49771\/revisions"}],"predecessor-version":[{"id":49772,"href":"https:\/\/encuentroinformativo.com.mx\/index.php?rest_route=\/wp\/v2\/posts\/49771\/revisions\/49772"}],"wp:featuredmedia":[{"embeddable":true,"href":"https:\/\/encuentroinformativo.com.mx\/index.php?rest_route=\/wp\/v2\/media\/49723"}],"wp:attachment":[{"href":"https:\/\/encuentroinformativo.com.mx\/index.php?rest_route=%2Fwp%2Fv2%2Fmedia&parent=49771"}],"wp:term":[{"taxonomy":"category","embeddable":true,"href":"https:\/\/encuentroinformativo.com.mx\/index.php?rest_route=%2Fwp%2Fv2%2Fcategories&post=49771"},{"taxonomy":"post_tag","embeddable":true,"href":"https:\/\/encuentroinformativo.com.mx\/index.php?rest_route=%2Fwp%2Fv2%2Ftags&post=49771"}],"curies":[{"name":"wp","href":"https:\/\/api.w.org\/{rel}","templated":true}]}}