{"id":49796,"date":"2024-01-24T11:48:33","date_gmt":"2024-01-24T17:48:33","guid":{"rendered":"https:\/\/encuentroinformativo.com.mx\/?p=49796"},"modified":"2024-01-24T11:48:38","modified_gmt":"2024-01-24T17:48:38","slug":"limpieza-de-laguna-de-san-julian-reactiva-economia-de-zona-rural","status":"publish","type":"post","link":"https:\/\/encuentroinformativo.com.mx\/?p=49796","title":{"rendered":"Limpieza de laguna de San Juli\u00e1n reactiva econom\u00eda de zona rural"},"content":{"rendered":"\n<p><strong>Alejandro \u00c1vila<\/strong><\/p>\n\n\n\n<p>Veracruz, Ver.- Los trabajos de desazolve, extracci\u00f3n de lirio acu\u00e1tico y limpieza del cuerpo de agua de la laguna de San Juli\u00e1n, est\u00e1n reactivando la econom\u00eda de la zona rural, se\u00f1al\u00f3 en entrevista el empresario Ram\u00f3n \u00c1lvarez Font\u00e1n.<\/p>\n\n\n\n<p>Es de recordar que la limpieza de la laguna de San Juli\u00e1n fue un reclamo de los pobladores desde hace varios a\u00f1os, debido a que generaba derrama econ\u00f3mica para pescadores y comercios en la zona; la laguna de San Juli\u00e1n es el cuerpo de agua dulce m\u00e1s grande que existe en la ciudad de Veracruz y forma parte del sistema lagunar, reconocido como \u00e1rea natural protegida.<\/p>\n\n\n\n<p>&#8220;Se beneficia aproximadamente a 607 mil 209 habitantes al retirar el lirio acu\u00e1tico y en la generaci\u00f3n de empleo temporal durante los trabajos, adem\u00e1s de la imagen tur\u00edstica. El objeto del proyecto es la recuperaci\u00f3n de los servicios ambientales y sociales que realiza la laguna al formar parte del ecosistema local al retirar toda la vegetaci\u00f3n invasiva que en su mayor\u00eda consta de lirio acu\u00e1tico, el cual reduce los niveles de ox\u00edgeno en el agua, as\u00ed como su espejo de agua \u00f3ptimo, lo que afecta directamente a las especies dependientes de este cuerpo de agua y a la poblaci\u00f3n humana cercana&#8221;, dijo el ex delegado de la SCT en Veracruz.<\/p>\n\n\n\n<p>En otro tema, el empresario mencion\u00f3 que en lo que va del mes de enero ha realizado entrega de \u00fatiles escolares, pues reconoci\u00f3 es un gasto que pega mucho bolsillo de las familias veracruzanas durante los primeros d\u00edas del a\u00f1o.<\/p>\n\n\n\n<p>&#8220;El apoyo con lo \u00fatiles yo considero que es b\u00e1sico, yo s\u00e9 que eso siempre es un gasto fijo que va directo a la bolsa de los jarochos, de muchas familias, madres solteras y pues creo que es algo necesario e indispensable para los ni\u00f1os. Matamos 2 p\u00e1jaros de un tiro, apoyamos la formaci\u00f3n de los ni\u00f1os y al mismo tiempo el bolsillo de sus padres. Yo no he dejado de caminar, es cierto que tambi\u00e9n le fui a echar la mano a los reyes en los primeros d\u00edas de enero y francamente fue una satisfacci\u00f3n ver la sonrisa de los ni\u00f1os, poder estar con ellos y sus familias un rato, no siempre se tiene la oportunidad y pues uno est\u00e1 para ayudar en lo que se pueda. Este proceso es muy largo y estamos convencidos que hay que seguir sin bajar los brazos, una encuesta ser\u00e1 la que decida y a eso nos atenemos a nuestro trabajo y reconocimiento en territorio&#8221;, culmin\u00f3.<\/p>\n","protected":false},"excerpt":{"rendered":"<p>Alejandro \u00c1vila Veracruz, Ver.- Los trabajos de desazolve, extracci\u00f3n de lirio acu\u00e1tico y limpieza del cuerpo de agua de la laguna de San Juli\u00e1n, est\u00e1n reactivando la econom\u00eda de la zona rural, se\u00f1al\u00f3 en entrevista el empresario Ram\u00f3n \u00c1lvarez Font\u00e1n. Es de recordar que la limpieza de la laguna de San Juli\u00e1n fue un reclamo [&hellip;]<\/p>\n","protected":false},"author":2476,"featured_media":49797,"comment_status":"open","ping_status":"open","sticky":false,"template":"","format":"standard","meta":{"_jetpack_memberships_contains_paid_content":false,"footnotes":""},"categories":[2],"tags":[],"class_list":["post-49796","post","type-post","status-publish","format-standard","has-post-thumbnail","hentry","category-estado"],"jetpack_featured_media_url":"https:\/\/encuentroinformativo.com.mx\/wp-content\/uploads\/2024\/01\/IMG-20240124-WA0028-scaled.jpg","jetpack_sharing_enabled":true,"jetpack_likes_enabled":true,"amp_enabled":true,"_links":{"self":[{"href":"https:\/\/encuentroinformativo.com.mx\/index.php?rest_route=\/wp\/v2\/posts\/49796","targetHints":{"allow":["GET"]}}],"collection":[{"href":"https:\/\/encuentroinformativo.com.mx\/index.php?rest_route=\/wp\/v2\/posts"}],"about":[{"href":"https:\/\/encuentroinformativo.com.mx\/index.php?rest_route=\/wp\/v2\/types\/post"}],"author":[{"embeddable":true,"href":"https:\/\/encuentroinformativo.com.mx\/index.php?rest_route=\/wp\/v2\/users\/2476"}],"replies":[{"embeddable":true,"href":"https:\/\/encuentroinformativo.com.mx\/index.php?rest_route=%2Fwp%2Fv2%2Fcomments&post=49796"}],"version-history":[{"count":1,"href":"https:\/\/encuentroinformativo.com.mx\/index.php?rest_route=\/wp\/v2\/posts\/49796\/revisions"}],"predecessor-version":[{"id":49798,"href":"https:\/\/encuentroinformativo.com.mx\/index.php?rest_route=\/wp\/v2\/posts\/49796\/revisions\/49798"}],"wp:featuredmedia":[{"embeddable":true,"href":"https:\/\/encuentroinformativo.com.mx\/index.php?rest_route=\/wp\/v2\/media\/49797"}],"wp:attachment":[{"href":"https:\/\/encuentroinformativo.com.mx\/index.php?rest_route=%2Fwp%2Fv2%2Fmedia&parent=49796"}],"wp:term":[{"taxonomy":"category","embeddable":true,"href":"https:\/\/encuentroinformativo.com.mx\/index.php?rest_route=%2Fwp%2Fv2%2Fcategories&post=49796"},{"taxonomy":"post_tag","embeddable":true,"href":"https:\/\/encuentroinformativo.com.mx\/index.php?rest_route=%2Fwp%2Fv2%2Ftags&post=49796"}],"curies":[{"name":"wp","href":"https:\/\/api.w.org\/{rel}","templated":true}]}}