{"id":49799,"date":"2024-01-24T11:56:41","date_gmt":"2024-01-24T17:56:41","guid":{"rendered":"https:\/\/encuentroinformativo.com.mx\/?p=49799"},"modified":"2024-01-24T11:56:45","modified_gmt":"2024-01-24T17:56:45","slug":"invitan-jovenes-a-sumarse-a-marcha-por-la-democracia","status":"publish","type":"post","link":"https:\/\/encuentroinformativo.com.mx\/?p=49799","title":{"rendered":"Invitan j\u00f3venes a sumarse a marcha por la democracia"},"content":{"rendered":"\n<p><strong>Dar\u00edo Pale <\/strong><\/p>\n\n\n\n<p>Xalapa, Ver.- Convocan a las juventudes a sumarse a la marcha nacional en defensa de la democracia que se realizar\u00e1 el 18 de febrero, as\u00ed lo dio a conocer coordinadora estatal juvenil de la organizaci\u00f3n Poder Ciudadano, L\u00eda Schuster.<\/p>\n\n\n\n<p>En conferencia de prensa se\u00f1alaron que, con una &#8220;marea rosa&#8221;, as\u00ed es como integrantes de diferentes organizaciones de la sociedad civil que conforman &#8220;Unidos&#8221; convocan a participar en la denominada &#8220;Marcha por Nuestra Democracia&#8221;, que se llevar\u00e1 a cabo el pr\u00f3ximo domingo 18 de febrero.<\/p>\n\n\n\n<p>Los representantes de las asociaciones civiles subrayaron que su intenci\u00f3n es congregarse en espacios p\u00fablicos de todos los estados del pa\u00eds, inclu\u00eddo Veracruz, para expresar su rechazo a las iniciativas del presidente Andr\u00e9s Manuel L\u00f3pez Obrador y mantener el Estado de Derecho en el pa\u00eds.<\/p>\n\n\n\n<p>Bajo la consigna &#8220;Nuestra democracia no se toca&#8221;, los ciudadanos aclararon que las movilizaciones que se realizar\u00e1n en los diferentes estados del pa\u00eds ser\u00e1n ordenadas, pac\u00edficas, respetuosas &#8220;pero firmes en su convicci\u00f3n y determinaci\u00f3n para que se respete el Estado de Derecho&#8221;.<\/p>\n\n\n\n<p>Recordaron que desde la Ciudad de M\u00e9xico el expresidente del Instituto Nacional Electoral (INE), Lorenzo C\u00f3rdoba Vianello, emitir\u00e1 un mensaje que tambi\u00e9n ser\u00e1 escuchado por los asistentes de las dem\u00e1s ciudades.<\/p>\n\n\n\n<p>\u201cSer\u00e1 la tercera ocasi\u00f3n en que volvamos a salir a las calles en defensa de nuestra democracia (\u2026), esta marcha ser\u00e1 nacional, la concentraci\u00f3n masiva ser\u00e1 en la Ciudad de M\u00e9xico, pero en cada entidad tendr\u00e1 representaci\u00f3n, incluso, en el extranjero mexicanos tambi\u00e9n se organizar\u00e1n para participar apost\u00e1ndose en las Embajadas\u201d, se\u00f1al\u00f3.<\/p>\n\n\n\n<p>\u201cLa movilizaci\u00f3n es totalmente pac\u00edfica, ordenada y respetuosa pero firme en su convicci\u00f3n y en\u00e9rgica en sus expresiones, su contenido y determinaci\u00f3n est\u00e1n enfocados porque se respete el Estado de Derecho (\u2026)\u201d, agreg\u00f3.<\/p>\n\n\n\n<p>Por \u00faltimo, confirmaron que en el estado de Veracruz la marcha se llevar\u00e1 a cabo en ciudades como Veracruz Puerto, Boca del R\u00edo, Orizaba, Tuxpan, San Rafael Huayacocotla y Xalapa, entre otras.<\/p>\n","protected":false},"excerpt":{"rendered":"<p>Dar\u00edo Pale Xalapa, Ver.- Convocan a las juventudes a sumarse a la marcha nacional en defensa de la democracia que se realizar\u00e1 el 18 de febrero, as\u00ed lo dio a conocer coordinadora estatal juvenil de la organizaci\u00f3n Poder Ciudadano, L\u00eda Schuster. En conferencia de prensa se\u00f1alaron que, con una &#8220;marea rosa&#8221;, as\u00ed es como integrantes [&hellip;]<\/p>\n","protected":false},"author":2476,"featured_media":49800,"comment_status":"open","ping_status":"open","sticky":false,"template":"","format":"standard","meta":{"_jetpack_memberships_contains_paid_content":false,"footnotes":""},"categories":[2],"tags":[],"class_list":["post-49799","post","type-post","status-publish","format-standard","has-post-thumbnail","hentry","category-estado"],"jetpack_featured_media_url":"https:\/\/encuentroinformativo.com.mx\/wp-content\/uploads\/2024\/01\/IMG-20240124-WA0019.jpg","jetpack_sharing_enabled":true,"jetpack_likes_enabled":true,"amp_enabled":true,"_links":{"self":[{"href":"https:\/\/encuentroinformativo.com.mx\/index.php?rest_route=\/wp\/v2\/posts\/49799","targetHints":{"allow":["GET"]}}],"collection":[{"href":"https:\/\/encuentroinformativo.com.mx\/index.php?rest_route=\/wp\/v2\/posts"}],"about":[{"href":"https:\/\/encuentroinformativo.com.mx\/index.php?rest_route=\/wp\/v2\/types\/post"}],"author":[{"embeddable":true,"href":"https:\/\/encuentroinformativo.com.mx\/index.php?rest_route=\/wp\/v2\/users\/2476"}],"replies":[{"embeddable":true,"href":"https:\/\/encuentroinformativo.com.mx\/index.php?rest_route=%2Fwp%2Fv2%2Fcomments&post=49799"}],"version-history":[{"count":1,"href":"https:\/\/encuentroinformativo.com.mx\/index.php?rest_route=\/wp\/v2\/posts\/49799\/revisions"}],"predecessor-version":[{"id":49801,"href":"https:\/\/encuentroinformativo.com.mx\/index.php?rest_route=\/wp\/v2\/posts\/49799\/revisions\/49801"}],"wp:featuredmedia":[{"embeddable":true,"href":"https:\/\/encuentroinformativo.com.mx\/index.php?rest_route=\/wp\/v2\/media\/49800"}],"wp:attachment":[{"href":"https:\/\/encuentroinformativo.com.mx\/index.php?rest_route=%2Fwp%2Fv2%2Fmedia&parent=49799"}],"wp:term":[{"taxonomy":"category","embeddable":true,"href":"https:\/\/encuentroinformativo.com.mx\/index.php?rest_route=%2Fwp%2Fv2%2Fcategories&post=49799"},{"taxonomy":"post_tag","embeddable":true,"href":"https:\/\/encuentroinformativo.com.mx\/index.php?rest_route=%2Fwp%2Fv2%2Ftags&post=49799"}],"curies":[{"name":"wp","href":"https:\/\/api.w.org\/{rel}","templated":true}]}}