{"id":498,"date":"2020-03-06T15:00:21","date_gmt":"2020-03-06T21:00:21","guid":{"rendered":"https:\/\/encuentroinformativo.com\/?p=498"},"modified":"2020-03-06T15:00:21","modified_gmt":"2020-03-06T21:00:21","slug":"alumnas-denuncian-casos-de-acoso-en-la-normal","status":"publish","type":"post","link":"https:\/\/encuentroinformativo.com.mx\/?p=498","title":{"rendered":"Alumnas denuncian casos de acoso en la Normal"},"content":{"rendered":"\n<p><strong>Juan Arcos<\/strong><\/p>\n\n\n\n<p>Xalapa, Ver.- Alumnas de la Benem\u00e9rita Escuela Normal Veracruzana (BENV) \u201cEnrique C. Rebsamen\u201d denunciaron haber sido v\u00edctimas de acoso sexual por parte de sus profesores.<\/p>\n\n\n\n<p>Las estudiantes colocaron un tendero con peque\u00f1as cartulinas donde se\u00f1alaron los nombres de los maestros que han incurrido en dichas pr\u00e1cticas.<\/p>\n\n\n\n<p>\u201cLe dije que no me tocar\u00e1 y me toc\u00f3, profesor Mario Pe\u00f1a\u201d y \u201cBladimir, todos saben que acosas y maltratas mujeres\u201d, se lee en algunos mensajes.<\/p>\n\n\n\n<p>Dana Salas Cort\u00e9s denuncio haber padecido acoso sexual por parte de un maestro de Bases Filos\u00f3ficas.<\/p>\n\n\n\n<p>La entrevistada mencion\u00f3 que las j\u00f3venes est\u00e1n hartas de toparse con dichos actos al interior de su escuela de educaci\u00f3n superior.<\/p>\n\n\n\n<p>Adem\u00e1s, indic\u00f3 que los profesores \u201cacosadores\u201d han sido reportados en la Direcci\u00f3n de la Escuela, sin que haya una sanci\u00f3n en su contra ni una separaci\u00f3n del cargo.<\/p>\n\n\n\n<p>Salas Cort\u00e9s refiri\u00f3 que se han registrado al menos cuatro casos de acoso sexual contra alumnas del primer semestre.<\/p>\n\n\n\n<p>\u201cYa no confiamos en la direcci\u00f3n, porque varias veces pusimos quejas contra un maestro y jam\u00e1s se nos dio una respuesta, era de que hagan un documento, f\u00edrmenlo todos y se va a archivar. Ya no creemos en la direcci\u00f3n\u201d, a\u00f1adi\u00f3.<\/p>\n\n\n\n<p>En una de las cartulinas tambi\u00e9n se\u00f1alan a Bladimir, miembro del Comit\u00e9 Estudiantil de la BENV, por haber acosado\u00a0sexualmente a sus compa\u00f1eras.<\/p>\n\n\n\n<p>\u201cNo solo hay acoso por parte de los profesores, tengan cuidado del comit\u00e9, \u00bfc\u00f3mo se atreve a hablar sobre apoyo al 9 de marzo, s\u00ed le pega a su hermana, golpea a sus novias y a quienes les mete el pene las ve como trofeos?\u201d, se lee.<\/p>\n","protected":false},"excerpt":{"rendered":"<p>Juan Arcos Xalapa, Ver.- Alumnas de la Benem\u00e9rita Escuela Normal Veracruzana (BENV) \u201cEnrique C. Rebsamen\u201d denunciaron haber sido v\u00edctimas de acoso sexual por parte de sus profesores. Las estudiantes colocaron un tendero con peque\u00f1as cartulinas donde se\u00f1alaron los nombres de los maestros que han incurrido en dichas pr\u00e1cticas. \u201cLe dije que no me tocar\u00e1 y [&hellip;]<\/p>\n","protected":false},"author":1,"featured_media":499,"comment_status":"open","ping_status":"open","sticky":false,"template":"","format":"standard","meta":{"_jetpack_memberships_contains_paid_content":false,"footnotes":""},"categories":[3],"tags":[],"class_list":["post-498","post","type-post","status-publish","format-standard","has-post-thumbnail","hentry","category-xalapa"],"jetpack_featured_media_url":"https:\/\/encuentroinformativo.com.mx\/wp-content\/uploads\/2020\/03\/38CA964C-3069-4D2E-AD63-FC6D3C01AFE1.jpeg","jetpack_sharing_enabled":true,"jetpack_likes_enabled":true,"amp_enabled":true,"_links":{"self":[{"href":"https:\/\/encuentroinformativo.com.mx\/index.php?rest_route=\/wp\/v2\/posts\/498","targetHints":{"allow":["GET"]}}],"collection":[{"href":"https:\/\/encuentroinformativo.com.mx\/index.php?rest_route=\/wp\/v2\/posts"}],"about":[{"href":"https:\/\/encuentroinformativo.com.mx\/index.php?rest_route=\/wp\/v2\/types\/post"}],"author":[{"embeddable":true,"href":"https:\/\/encuentroinformativo.com.mx\/index.php?rest_route=\/wp\/v2\/users\/1"}],"replies":[{"embeddable":true,"href":"https:\/\/encuentroinformativo.com.mx\/index.php?rest_route=%2Fwp%2Fv2%2Fcomments&post=498"}],"version-history":[{"count":1,"href":"https:\/\/encuentroinformativo.com.mx\/index.php?rest_route=\/wp\/v2\/posts\/498\/revisions"}],"predecessor-version":[{"id":500,"href":"https:\/\/encuentroinformativo.com.mx\/index.php?rest_route=\/wp\/v2\/posts\/498\/revisions\/500"}],"wp:featuredmedia":[{"embeddable":true,"href":"https:\/\/encuentroinformativo.com.mx\/index.php?rest_route=\/wp\/v2\/media\/499"}],"wp:attachment":[{"href":"https:\/\/encuentroinformativo.com.mx\/index.php?rest_route=%2Fwp%2Fv2%2Fmedia&parent=498"}],"wp:term":[{"taxonomy":"category","embeddable":true,"href":"https:\/\/encuentroinformativo.com.mx\/index.php?rest_route=%2Fwp%2Fv2%2Fcategories&post=498"},{"taxonomy":"post_tag","embeddable":true,"href":"https:\/\/encuentroinformativo.com.mx\/index.php?rest_route=%2Fwp%2Fv2%2Ftags&post=498"}],"curies":[{"name":"wp","href":"https:\/\/api.w.org\/{rel}","templated":true}]}}