{"id":49808,"date":"2024-01-24T12:21:07","date_gmt":"2024-01-24T18:21:07","guid":{"rendered":"https:\/\/encuentroinformativo.com.mx\/?p=49808"},"modified":"2024-01-24T12:21:10","modified_gmt":"2024-01-24T18:21:10","slug":"en-un-mes-boca-del-rio-culminara-3-obras-del-2023","status":"publish","type":"post","link":"https:\/\/encuentroinformativo.com.mx\/?p=49808","title":{"rendered":"En un mes Boca del R\u00edo culminar\u00e1 3 obras del 2023"},"content":{"rendered":"\n<p><strong>Alejandro \u00c1vila<\/strong><\/p>\n\n\n\n<p>Boca del R\u00edo, Ver.- En un m\u00e1ximo de cuatro semanas el Ayuntamiento de Boca del R\u00edo estar\u00e1 inaugurando tres obras que inici\u00f3 en el ejercicio fiscal 2023, confirm\u00f3 el alcalde, Juan Manuel de Unanue Abascal.<\/p>\n\n\n\n<p>Entre las m\u00e1s significativas, est\u00e1 la rehabilitaci\u00f3n de la segunda etapa de la avenida Juan Pablo II, que comprende desde la avenida Salvador D\u00edaz Mir\u00f3n hasta la avenida Costa Verde.<\/p>\n\n\n\n<p>&#8220;Ya llevamos un 80 por ciento de avance, pr\u00e1cticamente estamos hablando de que en cuatro semanas estaremos ya inaugurando esta segunda y tercera etapa de esta importante avenida dentro de la ciudad de Boca del R\u00edo. Tenemos pendiente tambi\u00e9n de inaugurar la avenida Heriberto Jara, que es paralela a Ej\u00e9rcito Mexicano, que se est\u00e1 haciendo lo mismo, drenaje, agua, banquetas y concreto hidr\u00e1ulico, y tambi\u00e9n tenemos pendiente de inaugurar y estimamos tambi\u00e9n cuatro semanas, la avenida Independencia en la colonia R\u00edo Jamapa. Entonces, estamos ya por inaugurar estas tres obras que son del a\u00f1o pasado, siguen en ejecuci\u00f3n, vamos en tiempo y forma, y van a ser avenidas que cuentan con todos los servicios, son obras importantes para la ciudad y la ciudadan\u00eda, y son obras de un costo importante&#8221;, subray\u00f3.<\/p>\n\n\n\n<p>De la misma manera, Juan Manuel de Unanue, dijo que en las pr\u00f3ximas semanas estar\u00e1 sesionando el Cabildo para aprobar el Plan General de Inversi\u00f3n (PGI) del 2024, con la finalidad de que inicien las obras proyectadas para este a\u00f1o antes del primero de marzo.<\/p>\n\n\n\n<p>&#8220;Tambi\u00e9n aprobaremos un Plan General de Inversi\u00f3n en estas pr\u00f3ximas semanas, y podemos iniciar las obras de este 2024 con toda normalidad, lo que no permite la ley es que, a partir del primero de marzo y hasta el otro d\u00eda de la elecci\u00f3n hacer publicaciones de este tipo de acciones y logros de los Ayuntamientos, \u00fanicamente se pueden publicar temas de Protecci\u00f3n Civil y Salud, pero las obras se concluir\u00e1n y se iniciar\u00e1n las de este a\u00f1o sin ning\u00fan contratiempo y sin ning\u00fan problema&#8221;, culmin\u00f3.<\/p>\n","protected":false},"excerpt":{"rendered":"<p>Alejandro \u00c1vila Boca del R\u00edo, Ver.- En un m\u00e1ximo de cuatro semanas el Ayuntamiento de Boca del R\u00edo estar\u00e1 inaugurando tres obras que inici\u00f3 en el ejercicio fiscal 2023, confirm\u00f3 el alcalde, Juan Manuel de Unanue Abascal. Entre las m\u00e1s significativas, est\u00e1 la rehabilitaci\u00f3n de la segunda etapa de la avenida Juan Pablo II, que [&hellip;]<\/p>\n","protected":false},"author":2476,"featured_media":49809,"comment_status":"open","ping_status":"open","sticky":false,"template":"","format":"standard","meta":{"_jetpack_memberships_contains_paid_content":false,"footnotes":""},"categories":[2],"tags":[],"class_list":["post-49808","post","type-post","status-publish","format-standard","has-post-thumbnail","hentry","category-estado"],"jetpack_featured_media_url":"https:\/\/encuentroinformativo.com.mx\/wp-content\/uploads\/2024\/01\/IMG-20240124-WA00132.jpg","jetpack_sharing_enabled":true,"jetpack_likes_enabled":true,"amp_enabled":true,"_links":{"self":[{"href":"https:\/\/encuentroinformativo.com.mx\/index.php?rest_route=\/wp\/v2\/posts\/49808","targetHints":{"allow":["GET"]}}],"collection":[{"href":"https:\/\/encuentroinformativo.com.mx\/index.php?rest_route=\/wp\/v2\/posts"}],"about":[{"href":"https:\/\/encuentroinformativo.com.mx\/index.php?rest_route=\/wp\/v2\/types\/post"}],"author":[{"embeddable":true,"href":"https:\/\/encuentroinformativo.com.mx\/index.php?rest_route=\/wp\/v2\/users\/2476"}],"replies":[{"embeddable":true,"href":"https:\/\/encuentroinformativo.com.mx\/index.php?rest_route=%2Fwp%2Fv2%2Fcomments&post=49808"}],"version-history":[{"count":1,"href":"https:\/\/encuentroinformativo.com.mx\/index.php?rest_route=\/wp\/v2\/posts\/49808\/revisions"}],"predecessor-version":[{"id":49810,"href":"https:\/\/encuentroinformativo.com.mx\/index.php?rest_route=\/wp\/v2\/posts\/49808\/revisions\/49810"}],"wp:featuredmedia":[{"embeddable":true,"href":"https:\/\/encuentroinformativo.com.mx\/index.php?rest_route=\/wp\/v2\/media\/49809"}],"wp:attachment":[{"href":"https:\/\/encuentroinformativo.com.mx\/index.php?rest_route=%2Fwp%2Fv2%2Fmedia&parent=49808"}],"wp:term":[{"taxonomy":"category","embeddable":true,"href":"https:\/\/encuentroinformativo.com.mx\/index.php?rest_route=%2Fwp%2Fv2%2Fcategories&post=49808"},{"taxonomy":"post_tag","embeddable":true,"href":"https:\/\/encuentroinformativo.com.mx\/index.php?rest_route=%2Fwp%2Fv2%2Ftags&post=49808"}],"curies":[{"name":"wp","href":"https:\/\/api.w.org\/{rel}","templated":true}]}}