{"id":49822,"date":"2024-01-24T14:51:06","date_gmt":"2024-01-24T20:51:06","guid":{"rendered":"https:\/\/encuentroinformativo.com.mx\/?p=49822"},"modified":"2024-01-24T14:51:11","modified_gmt":"2024-01-24T20:51:11","slug":"confirma-cuitlahuac-garcia-que-veracruz-ya-tiene-equipo-en-liga-de-expansion","status":"publish","type":"post","link":"https:\/\/encuentroinformativo.com.mx\/?p=49822","title":{"rendered":"Confirma Cuitl\u00e1huac Garc\u00eda que Veracruz ya tiene equipo en Liga de Expansi\u00f3n"},"content":{"rendered":"\n<p><strong>Alejandro \u00c1vila<\/strong><\/p>\n\n\n\n<p>Boca del R\u00edo, Ver.- El gobernador, Cuitl\u00e1huac Garc\u00eda Jim\u00e9nez, confirm\u00f3 que a partir del segundo semestre del 2024, el Estado de Veracruz tendr\u00e1 un equipo en la Liga de Expansion MX.<\/p>\n\n\n\n<p>En ese sentido, confirm\u00f3 que el nombre de esta franquicia ser\u00e1 Veracruz FC, mismo que ya est\u00e1 registrado antes de la Federaci\u00f3n Mexicana de F\u00fatbol y cumple con todos los requerimientos de la m\u00e1xima autoridad del f\u00fatbol profesional en M\u00e9xico.<\/p>\n\n\n\n<p>&#8220;\u00bfQu\u00e9 se hizo?, pues jugar con las reglas de la Federaci\u00f3n Mexicana de F\u00fatbol que te dicen ahorita solamente aperturamos para equipos nuevos en la Liga de Expansi\u00f3n. Entonces Veracruz FC va a iniciar en esa liga, en la Liga de Expansi\u00f3n. Tenemos que tener un equipo, tenemos que tener un estadio, tenemos que estar en ese nivel para que cuando abran la de la primera divisi\u00f3n, hoy llamada Liga MX, tengamos ya todo&#8221;, se\u00f1al\u00f3.<\/p>\n\n\n\n<p>Ante la insistencia, el gobernador de Veracruz dijo que hablar\u00e1 con los due\u00f1os de la franquicia, para que a la brevedad posible se presenten ante los medios de comunicaci\u00f3n de Veracruz y den a conocer el nombre, logotipo, y respondan todas las dudas que hasta el momento se tienen del pr\u00f3ximo equipo que jugar\u00e1 en el estadio Luis &#8220;Pirata&#8221; Fuente.<\/p>\n\n\n\n<p>Finalmente, Cuitl\u00e1huac Garc\u00eda dijo que los empresarios due\u00f1os de la franquicia de Veracruz FC no son de la entidad, y dej\u00f3 entrever que ser\u00edan los ahora encargados de la administraci\u00f3n de Grupo VALUE, qui\u00e9nes se hagan cargo del equipo de la Liga de Expansi\u00f3n MX que jugar\u00e1 en Veracruz.<\/p>\n","protected":false},"excerpt":{"rendered":"<p>Alejandro \u00c1vila Boca del R\u00edo, Ver.- El gobernador, Cuitl\u00e1huac Garc\u00eda Jim\u00e9nez, confirm\u00f3 que a partir del segundo semestre del 2024, el Estado de Veracruz tendr\u00e1 un equipo en la Liga de Expansion MX. En ese sentido, confirm\u00f3 que el nombre de esta franquicia ser\u00e1 Veracruz FC, mismo que ya est\u00e1 registrado antes de la Federaci\u00f3n [&hellip;]<\/p>\n","protected":false},"author":2476,"featured_media":49823,"comment_status":"open","ping_status":"open","sticky":false,"template":"","format":"standard","meta":{"_jetpack_memberships_contains_paid_content":false,"footnotes":""},"categories":[2],"tags":[],"class_list":["post-49822","post","type-post","status-publish","format-standard","has-post-thumbnail","hentry","category-estado"],"jetpack_featured_media_url":"https:\/\/encuentroinformativo.com.mx\/wp-content\/uploads\/2024\/01\/IMG-20240124-WA005412.jpg","jetpack_sharing_enabled":true,"jetpack_likes_enabled":true,"amp_enabled":true,"_links":{"self":[{"href":"https:\/\/encuentroinformativo.com.mx\/index.php?rest_route=\/wp\/v2\/posts\/49822","targetHints":{"allow":["GET"]}}],"collection":[{"href":"https:\/\/encuentroinformativo.com.mx\/index.php?rest_route=\/wp\/v2\/posts"}],"about":[{"href":"https:\/\/encuentroinformativo.com.mx\/index.php?rest_route=\/wp\/v2\/types\/post"}],"author":[{"embeddable":true,"href":"https:\/\/encuentroinformativo.com.mx\/index.php?rest_route=\/wp\/v2\/users\/2476"}],"replies":[{"embeddable":true,"href":"https:\/\/encuentroinformativo.com.mx\/index.php?rest_route=%2Fwp%2Fv2%2Fcomments&post=49822"}],"version-history":[{"count":1,"href":"https:\/\/encuentroinformativo.com.mx\/index.php?rest_route=\/wp\/v2\/posts\/49822\/revisions"}],"predecessor-version":[{"id":49824,"href":"https:\/\/encuentroinformativo.com.mx\/index.php?rest_route=\/wp\/v2\/posts\/49822\/revisions\/49824"}],"wp:featuredmedia":[{"embeddable":true,"href":"https:\/\/encuentroinformativo.com.mx\/index.php?rest_route=\/wp\/v2\/media\/49823"}],"wp:attachment":[{"href":"https:\/\/encuentroinformativo.com.mx\/index.php?rest_route=%2Fwp%2Fv2%2Fmedia&parent=49822"}],"wp:term":[{"taxonomy":"category","embeddable":true,"href":"https:\/\/encuentroinformativo.com.mx\/index.php?rest_route=%2Fwp%2Fv2%2Fcategories&post=49822"},{"taxonomy":"post_tag","embeddable":true,"href":"https:\/\/encuentroinformativo.com.mx\/index.php?rest_route=%2Fwp%2Fv2%2Ftags&post=49822"}],"curies":[{"name":"wp","href":"https:\/\/api.w.org\/{rel}","templated":true}]}}