{"id":49828,"date":"2024-01-24T15:28:10","date_gmt":"2024-01-24T21:28:10","guid":{"rendered":"https:\/\/encuentroinformativo.com.mx\/?p=49828"},"modified":"2024-01-24T15:28:15","modified_gmt":"2024-01-24T21:28:15","slug":"grupos-delincuenciales-asolan-a-reporteros-reconoce-ceapp","status":"publish","type":"post","link":"https:\/\/encuentroinformativo.com.mx\/?p=49828","title":{"rendered":"Grupos delincuenciales &#8220;asolan&#8221; a reporteros, reconoce CEAPP"},"content":{"rendered":"\n<p><strong>Dar\u00edo Pale <\/strong><\/p>\n\n\n\n<p>Xalapa, Ver.- Tres grupos criminales &#8220;asolan&#8221; a reporteros en dos regiones de Veracruz, de 2021 a 2023 se presentaron 130 denuncias, mayormente por amenazas, agresiones, privaciones de la libertad y lesiones, as\u00ed lo dio a conocer el secretario ejecutivo de la Comisi\u00f3n Estatal de Atenci\u00f3n y Protecci\u00f3n a Periodistas (CEAPP), Israel Hern\u00e1ndez.<\/p>\n\n\n\n<p>En entrevista revel\u00f3 que en Veracruz tres grupos de la delincuencia organizada &#8220;asolan&#8221; a reporteros en ciertas regiones como Poza Rica y Coatzacoalcos, detall\u00f3 que dichos reporteros cuentan con medidas de protecci\u00f3n, adem\u00e1s de dos periodistas que tuvieron que ser sacados del Estado en colaboraci\u00f3n con el mecanismo federal de protecci\u00f3n a periodistas.\u00a0<\/p>\n\n\n\n<p>Resalt\u00f3 que de 2021 a 2023 se presentaron 130 denuncias -mayormente por amenazas, agresiones, privaciones de la libertad y lesiones-, ante distintas fiscal\u00edas, la Unidad de Atenci\u00f3n Temprana, entre otras, de esas, han logrado identificar a por lo menos 50 agresores.\u00a0<\/p>\n\n\n\n<p>&#8220;De estos cinco casos son b\u00e1sicamente temas de crimen organizado con los grupos que operan en Veracruz, nosotros tenemos tres grupos que han tenido incidencia contra periodistas, en algunos se advierten situaciones de contexto m\u00e1s complicados para ellos como pueden ser con alg\u00fan alcalde o con alguna autoridad o alg\u00fan grupo de poder en la regi\u00f3n&#8221;, se\u00f1al\u00f3.<\/p>\n\n\n\n<p>El funcionario puntualiz\u00f3 que adem\u00e1s de los cinco casos de reporteros que cuentan con medidas de protecci\u00f3n, existen 75 m\u00e1s que tienen medidas preventivas por riesgo moderado y bajo.<\/p>\n\n\n\n<p>Por \u00faltimo presumi\u00f3 que ya van dos a\u00f1os cuatro meses sin que se registre el crimen de un comunicador que est\u00e9 relacionado con su labor, lo cual es un &#8220;logro&#8221; no s\u00f3lo de la CEAPP sino del Estado y el gremio.<\/p>\n","protected":false},"excerpt":{"rendered":"<p>Dar\u00edo Pale Xalapa, Ver.- Tres grupos criminales &#8220;asolan&#8221; a reporteros en dos regiones de Veracruz, de 2021 a 2023 se presentaron 130 denuncias, mayormente por amenazas, agresiones, privaciones de la libertad y lesiones, as\u00ed lo dio a conocer el secretario ejecutivo de la Comisi\u00f3n Estatal de Atenci\u00f3n y Protecci\u00f3n a Periodistas (CEAPP), Israel Hern\u00e1ndez. En [&hellip;]<\/p>\n","protected":false},"author":2476,"featured_media":49829,"comment_status":"open","ping_status":"open","sticky":false,"template":"","format":"standard","meta":{"_jetpack_memberships_contains_paid_content":false,"footnotes":""},"categories":[2],"tags":[],"class_list":["post-49828","post","type-post","status-publish","format-standard","has-post-thumbnail","hentry","category-estado"],"jetpack_featured_media_url":"https:\/\/encuentroinformativo.com.mx\/wp-content\/uploads\/2024\/01\/IMG-20240124-WA0090.jpg","jetpack_sharing_enabled":true,"jetpack_likes_enabled":true,"amp_enabled":true,"_links":{"self":[{"href":"https:\/\/encuentroinformativo.com.mx\/index.php?rest_route=\/wp\/v2\/posts\/49828","targetHints":{"allow":["GET"]}}],"collection":[{"href":"https:\/\/encuentroinformativo.com.mx\/index.php?rest_route=\/wp\/v2\/posts"}],"about":[{"href":"https:\/\/encuentroinformativo.com.mx\/index.php?rest_route=\/wp\/v2\/types\/post"}],"author":[{"embeddable":true,"href":"https:\/\/encuentroinformativo.com.mx\/index.php?rest_route=\/wp\/v2\/users\/2476"}],"replies":[{"embeddable":true,"href":"https:\/\/encuentroinformativo.com.mx\/index.php?rest_route=%2Fwp%2Fv2%2Fcomments&post=49828"}],"version-history":[{"count":1,"href":"https:\/\/encuentroinformativo.com.mx\/index.php?rest_route=\/wp\/v2\/posts\/49828\/revisions"}],"predecessor-version":[{"id":49830,"href":"https:\/\/encuentroinformativo.com.mx\/index.php?rest_route=\/wp\/v2\/posts\/49828\/revisions\/49830"}],"wp:featuredmedia":[{"embeddable":true,"href":"https:\/\/encuentroinformativo.com.mx\/index.php?rest_route=\/wp\/v2\/media\/49829"}],"wp:attachment":[{"href":"https:\/\/encuentroinformativo.com.mx\/index.php?rest_route=%2Fwp%2Fv2%2Fmedia&parent=49828"}],"wp:term":[{"taxonomy":"category","embeddable":true,"href":"https:\/\/encuentroinformativo.com.mx\/index.php?rest_route=%2Fwp%2Fv2%2Fcategories&post=49828"},{"taxonomy":"post_tag","embeddable":true,"href":"https:\/\/encuentroinformativo.com.mx\/index.php?rest_route=%2Fwp%2Fv2%2Ftags&post=49828"}],"curies":[{"name":"wp","href":"https:\/\/api.w.org\/{rel}","templated":true}]}}