{"id":49855,"date":"2024-01-25T14:34:54","date_gmt":"2024-01-25T20:34:54","guid":{"rendered":"https:\/\/encuentroinformativo.com.mx\/?p=49855"},"modified":"2024-01-25T14:34:59","modified_gmt":"2024-01-25T20:34:59","slug":"confirman-fechas-para-los-100-anos-del-carnaval-de-veracruz","status":"publish","type":"post","link":"https:\/\/encuentroinformativo.com.mx\/?p=49855","title":{"rendered":"Confirman fechas para los 100 a\u00f1os del Carnaval de Veracruz"},"content":{"rendered":"\n<p><strong>Alejandro \u00c1vila<\/strong><\/p>\n\n\n\n<p>Veracruz, Ver.- La ma\u00f1ana de este jueves fueron confirmadas las fechas en que se realizar\u00e1 el Carnaval de Veracruz 2024; el centenario de las fiestas carnestolendas se llevar\u00e1 a cabo del 26 de junio al 2 de julio.<\/p>\n\n\n\n<p>La alcaldesa, Patricia Lobeira Rodr\u00edguez, mencion\u00f3 en rueda de prensa que, la Quema del Mal Humor ser\u00e1 el 26 de junio, el 27 la coronaci\u00f3n de los reyes infantiles y el 28 de la Reina y Rey.&nbsp;<\/p>\n\n\n\n<p>Los paseos de los carros aleg\u00f3ricos en el bulevar &#8220;Manuel \u00c1vila Camacho&#8221; est\u00e1n programados para llevarse a cabo del 29 de junio al 2 de julio, el \u00faltimo d\u00eda se realizar\u00e1 el entierro de Juan Carnaval.&nbsp;<\/p>\n\n\n\n<p>\u201cSe vuelve a hacer ahorita en verano, vamos a tener un carnaval de lujo, un carnaval espectacular y digno para todos los espectadores. Tendremos sorpresas que la gente se va a quedar impactada, adem\u00e1s de los artistas, la celebraci\u00f3n del carnaval tambi\u00e9n ser\u00e1 muy bonita lo que la gente va s poder ver en los paseos es algo muy bonito, muy nuevo\u201d, indic\u00f3.&nbsp;<\/p>\n\n\n\n<p>La confirmaci\u00f3n de Yuri como reina del carnaval, la presentaci\u00f3n del rey de la Alegr\u00eda y el programa art\u00edstico de las fiestas ser\u00e1n la pr\u00f3xima semana.&nbsp;<\/p>\n\n\n\n<p>La alcaldesa de Veracruz precis\u00f3 que si se realizaron peque\u00f1os ajustes a la fecha que se hab\u00edan previsto para el Carnaval debido a las negociaciones con la cantante Yuri y cuadraran las agendas y pueda ser la reina de las fiestas.&nbsp;&nbsp;<\/p>\n\n\n\n<p>\u201cSeguimos en las pl\u00e1ticas, pero el anuncio lo vamos a hacer la semana que viene. Tuvimos que coordinarnos con su equipo, vamos a estar dando una noticia importante la semana que viene porque no nada m\u00e1s vamos a anunciar a la reina, sino tambi\u00e9n a los artistas que traemos. Tambi\u00e9n estamos viendo lo del rey y la semana que viene le daremos respuesta sobre lo del rey\u201d.&nbsp;<\/p>\n","protected":false},"excerpt":{"rendered":"<p>Alejandro \u00c1vila Veracruz, Ver.- La ma\u00f1ana de este jueves fueron confirmadas las fechas en que se realizar\u00e1 el Carnaval de Veracruz 2024; el centenario de las fiestas carnestolendas se llevar\u00e1 a cabo del 26 de junio al 2 de julio. La alcaldesa, Patricia Lobeira Rodr\u00edguez, mencion\u00f3 en rueda de prensa que, la Quema del Mal [&hellip;]<\/p>\n","protected":false},"author":2476,"featured_media":49856,"comment_status":"open","ping_status":"open","sticky":false,"template":"","format":"standard","meta":{"_jetpack_memberships_contains_paid_content":false,"footnotes":""},"categories":[2],"tags":[],"class_list":["post-49855","post","type-post","status-publish","format-standard","has-post-thumbnail","hentry","category-estado"],"jetpack_featured_media_url":"https:\/\/encuentroinformativo.com.mx\/wp-content\/uploads\/2024\/01\/IMG-20240125-WA0051.jpg","jetpack_sharing_enabled":true,"jetpack_likes_enabled":true,"amp_enabled":true,"_links":{"self":[{"href":"https:\/\/encuentroinformativo.com.mx\/index.php?rest_route=\/wp\/v2\/posts\/49855","targetHints":{"allow":["GET"]}}],"collection":[{"href":"https:\/\/encuentroinformativo.com.mx\/index.php?rest_route=\/wp\/v2\/posts"}],"about":[{"href":"https:\/\/encuentroinformativo.com.mx\/index.php?rest_route=\/wp\/v2\/types\/post"}],"author":[{"embeddable":true,"href":"https:\/\/encuentroinformativo.com.mx\/index.php?rest_route=\/wp\/v2\/users\/2476"}],"replies":[{"embeddable":true,"href":"https:\/\/encuentroinformativo.com.mx\/index.php?rest_route=%2Fwp%2Fv2%2Fcomments&post=49855"}],"version-history":[{"count":1,"href":"https:\/\/encuentroinformativo.com.mx\/index.php?rest_route=\/wp\/v2\/posts\/49855\/revisions"}],"predecessor-version":[{"id":49857,"href":"https:\/\/encuentroinformativo.com.mx\/index.php?rest_route=\/wp\/v2\/posts\/49855\/revisions\/49857"}],"wp:featuredmedia":[{"embeddable":true,"href":"https:\/\/encuentroinformativo.com.mx\/index.php?rest_route=\/wp\/v2\/media\/49856"}],"wp:attachment":[{"href":"https:\/\/encuentroinformativo.com.mx\/index.php?rest_route=%2Fwp%2Fv2%2Fmedia&parent=49855"}],"wp:term":[{"taxonomy":"category","embeddable":true,"href":"https:\/\/encuentroinformativo.com.mx\/index.php?rest_route=%2Fwp%2Fv2%2Fcategories&post=49855"},{"taxonomy":"post_tag","embeddable":true,"href":"https:\/\/encuentroinformativo.com.mx\/index.php?rest_route=%2Fwp%2Fv2%2Ftags&post=49855"}],"curies":[{"name":"wp","href":"https:\/\/api.w.org\/{rel}","templated":true}]}}