{"id":49858,"date":"2024-01-25T14:39:19","date_gmt":"2024-01-25T20:39:19","guid":{"rendered":"https:\/\/encuentroinformativo.com.mx\/?p=49858"},"modified":"2024-01-25T14:39:24","modified_gmt":"2024-01-25T20:39:24","slug":"anilu-ingram-se-pinta-de-verde-se-une-a-la-militancia-del-pvem","status":"publish","type":"post","link":"https:\/\/encuentroinformativo.com.mx\/?p=49858","title":{"rendered":"Anil\u00fa Ingram se pinta de verde, se une a la militancia del PVEM"},"content":{"rendered":"\n<p><strong>Alejandro \u00c1vila<\/strong><\/p>\n\n\n\n<p>Veracruz, Ver.- La diputada local, Anil\u00fa Ingram Vallines, confirm\u00f3 a trav\u00e9s de sus redes sociales, su registro como militante por el Partido Verde Ecologista de M\u00e9xico.<\/p>\n\n\n\n<p>En su declaraci\u00f3n a trav\u00e9s de redes sociales, Ingram Vallines expres\u00f3: &#8220;El d\u00eda de hoy, de forma convencida y con gran seguridad, me uno como militante al PVEM con la finalidad de seguir sirviendo a mi estado, en un partido incluyente, abierto y con una visi\u00f3n de sustentabilidad para todas y todos.&#8221;<\/p>\n\n\n\n<p>La pol\u00edtica veracruzana manifest\u00f3 su compromiso con M\u00e9xico y resalt\u00f3 su disposici\u00f3n a contribuir con su experiencia y trayectoria al proyecto del PVEM, destacando la importancia de sumar esfuerzos para fortalecer el bienestar de Veracruz.<\/p>\n\n\n\n<p>Adem\u00e1s agradeci\u00f3 la invitaci\u00f3n y la confianza que le han brindado destacados miembros del Partido Verde, incluyendo a la actual Presidenta del CEN del PVEM Karen Castrej\u00f3n; al Secretario de Organizaci\u00f3n Javier Herrera; as\u00ed como Arturo Escobar integrante del Consejo Politico Nacional del partido; el Alcalde de Cuajimalpa, Adrian Rubalcava y el dirigente estatal en Veracruz, Marcelo Ru\u00edz.&nbsp;<\/p>\n","protected":false},"excerpt":{"rendered":"<p>Alejandro \u00c1vila Veracruz, Ver.- La diputada local, Anil\u00fa Ingram Vallines, confirm\u00f3 a trav\u00e9s de sus redes sociales, su registro como militante por el Partido Verde Ecologista de M\u00e9xico. En su declaraci\u00f3n a trav\u00e9s de redes sociales, Ingram Vallines expres\u00f3: &#8220;El d\u00eda de hoy, de forma convencida y con gran seguridad, me uno como militante al [&hellip;]<\/p>\n","protected":false},"author":2476,"featured_media":49859,"comment_status":"open","ping_status":"open","sticky":false,"template":"","format":"standard","meta":{"_jetpack_memberships_contains_paid_content":false,"footnotes":""},"categories":[2],"tags":[],"class_list":["post-49858","post","type-post","status-publish","format-standard","has-post-thumbnail","hentry","category-estado"],"jetpack_featured_media_url":"https:\/\/encuentroinformativo.com.mx\/wp-content\/uploads\/2024\/01\/IMG-20240125-WA0056.jpg","jetpack_sharing_enabled":true,"jetpack_likes_enabled":true,"amp_enabled":true,"_links":{"self":[{"href":"https:\/\/encuentroinformativo.com.mx\/index.php?rest_route=\/wp\/v2\/posts\/49858","targetHints":{"allow":["GET"]}}],"collection":[{"href":"https:\/\/encuentroinformativo.com.mx\/index.php?rest_route=\/wp\/v2\/posts"}],"about":[{"href":"https:\/\/encuentroinformativo.com.mx\/index.php?rest_route=\/wp\/v2\/types\/post"}],"author":[{"embeddable":true,"href":"https:\/\/encuentroinformativo.com.mx\/index.php?rest_route=\/wp\/v2\/users\/2476"}],"replies":[{"embeddable":true,"href":"https:\/\/encuentroinformativo.com.mx\/index.php?rest_route=%2Fwp%2Fv2%2Fcomments&post=49858"}],"version-history":[{"count":1,"href":"https:\/\/encuentroinformativo.com.mx\/index.php?rest_route=\/wp\/v2\/posts\/49858\/revisions"}],"predecessor-version":[{"id":49860,"href":"https:\/\/encuentroinformativo.com.mx\/index.php?rest_route=\/wp\/v2\/posts\/49858\/revisions\/49860"}],"wp:featuredmedia":[{"embeddable":true,"href":"https:\/\/encuentroinformativo.com.mx\/index.php?rest_route=\/wp\/v2\/media\/49859"}],"wp:attachment":[{"href":"https:\/\/encuentroinformativo.com.mx\/index.php?rest_route=%2Fwp%2Fv2%2Fmedia&parent=49858"}],"wp:term":[{"taxonomy":"category","embeddable":true,"href":"https:\/\/encuentroinformativo.com.mx\/index.php?rest_route=%2Fwp%2Fv2%2Fcategories&post=49858"},{"taxonomy":"post_tag","embeddable":true,"href":"https:\/\/encuentroinformativo.com.mx\/index.php?rest_route=%2Fwp%2Fv2%2Ftags&post=49858"}],"curies":[{"name":"wp","href":"https:\/\/api.w.org\/{rel}","templated":true}]}}