{"id":49864,"date":"2024-01-25T14:54:31","date_gmt":"2024-01-25T20:54:31","guid":{"rendered":"https:\/\/encuentroinformativo.com.mx\/?p=49864"},"modified":"2024-01-25T14:54:36","modified_gmt":"2024-01-25T20:54:36","slug":"detectan-rezago-educativo-de-tres-anos-en-estudiantes-de-primaria","status":"publish","type":"post","link":"https:\/\/encuentroinformativo.com.mx\/?p=49864","title":{"rendered":"Detectan rezago educativo de tres a\u00f1os en estudiantes de primaria"},"content":{"rendered":"\n<p><strong>Juan Arcos <\/strong><\/p>\n\n\n\n<p>Xalapa, Ver.- En Veracruz y otras entidades de la Rep\u00fablica Mexicana se detect\u00f3 un rezago educativo de dos a tres a\u00f1os en alumnos de preescolar y primaria.<\/p>\n\n\n\n<p>As\u00ed lo dio a conocer Felipe Cu\u00e9llar, vicepresidente de la escuela privada Kumon M\u00e9xico, quien a\u00f1adi\u00f3 que este retraso en los programas acad\u00e9micos se presenta principalmente en matem\u00e1ticas, habilidades de lectura e ingl\u00e9s.<\/p>\n\n\n\n<p>\u201cEl a\u00f1o pasado realizamos alrededor de 41 mil 500 pruebas de diagn\u00f3stico en toda la Rep\u00fablica Mexicana. Y pudimos evidenciar que el rezago educativo en alumnos de primaria se encuentra entre dos y tres a\u00f1os escolares\u201d, refiri\u00f3.<\/p>\n\n\n\n<p>En conferencia de prensa, realizada en Kumon Xalapa, sobre la avenida Orizaba, el acad\u00e9mico detall\u00f3 que el rezago se atribuye principalmente a los cambios en los m\u00e9todos para impartir el conocimiento durante la pandemia del Sars-Cov2 (Covid-19).<\/p>\n\n\n\n<p>\u201cAdem\u00e1s del conocimiento, la capacidad para enfrentar cambios y resolver problemas es importante para el \u00e9xito. Las materias en las que se nota m\u00e1s el rezago son matem\u00e1ticas, ingl\u00e9s y lectura, que son las que llevamos en Kumon\u201d, expres\u00f3.<\/p>\n\n\n\n<p>Tambi\u00e9n coment\u00f3 que el m\u00e9todo Kumon busca reducir esa \u201cdiferencia educativa, proporcionando herramientas y programas espec\u00edficos para cada alumno.<\/p>\n\n\n\n<p>Kumon espera abatir ese rezago y llegar a m\u00e1s alumnos. El tiempo de recuperaci\u00f3n depende del estudiante, pero en promedio se espera que en un a\u00f1o puedan alcanzar los contenidos de su colegio.<\/p>\n\n\n\n<p>Kumon ofrece herramientas para reducir el rezago y brinda la posibilidad de que las madres y padres de familia busquen clases de apoyo externas.<\/p>\n\n\n\n<p>\u201cNosotros, a trav\u00e9s de nuestros centros, de los centros actuales y los que buscamos abrir en Veracruz y en todo M\u00e9xico, esperamos brindar un apoyo adicional a la educaci\u00f3n formal. Nosotros somos un m\u00e9todo complementario a la educaci\u00f3n tradicional, en donde brindamos herramientas que pueden obtener nuestros alumnos, pero tambi\u00e9n contamos con una filosof\u00eda de aprendizaje, de la cual puede ser part\u00edcipe cualquier docente que quiera aprovechar los principios de nuestra filosof\u00eda\u201d, remat\u00f3 Felipe Cu\u00e9llar.<\/p>\n","protected":false},"excerpt":{"rendered":"<p>Juan Arcos Xalapa, Ver.- En Veracruz y otras entidades de la Rep\u00fablica Mexicana se detect\u00f3 un rezago educativo de dos a tres a\u00f1os en alumnos de preescolar y primaria. As\u00ed lo dio a conocer Felipe Cu\u00e9llar, vicepresidente de la escuela privada Kumon M\u00e9xico, quien a\u00f1adi\u00f3 que este retraso en los programas acad\u00e9micos se presenta principalmente [&hellip;]<\/p>\n","protected":false},"author":2476,"featured_media":49865,"comment_status":"open","ping_status":"open","sticky":false,"template":"","format":"standard","meta":{"_jetpack_memberships_contains_paid_content":false,"footnotes":""},"categories":[2],"tags":[],"class_list":["post-49864","post","type-post","status-publish","format-standard","has-post-thumbnail","hentry","category-estado"],"jetpack_featured_media_url":"https:\/\/encuentroinformativo.com.mx\/wp-content\/uploads\/2024\/01\/IMG_6681.jpg","jetpack_sharing_enabled":true,"jetpack_likes_enabled":true,"amp_enabled":true,"_links":{"self":[{"href":"https:\/\/encuentroinformativo.com.mx\/index.php?rest_route=\/wp\/v2\/posts\/49864","targetHints":{"allow":["GET"]}}],"collection":[{"href":"https:\/\/encuentroinformativo.com.mx\/index.php?rest_route=\/wp\/v2\/posts"}],"about":[{"href":"https:\/\/encuentroinformativo.com.mx\/index.php?rest_route=\/wp\/v2\/types\/post"}],"author":[{"embeddable":true,"href":"https:\/\/encuentroinformativo.com.mx\/index.php?rest_route=\/wp\/v2\/users\/2476"}],"replies":[{"embeddable":true,"href":"https:\/\/encuentroinformativo.com.mx\/index.php?rest_route=%2Fwp%2Fv2%2Fcomments&post=49864"}],"version-history":[{"count":1,"href":"https:\/\/encuentroinformativo.com.mx\/index.php?rest_route=\/wp\/v2\/posts\/49864\/revisions"}],"predecessor-version":[{"id":49866,"href":"https:\/\/encuentroinformativo.com.mx\/index.php?rest_route=\/wp\/v2\/posts\/49864\/revisions\/49866"}],"wp:featuredmedia":[{"embeddable":true,"href":"https:\/\/encuentroinformativo.com.mx\/index.php?rest_route=\/wp\/v2\/media\/49865"}],"wp:attachment":[{"href":"https:\/\/encuentroinformativo.com.mx\/index.php?rest_route=%2Fwp%2Fv2%2Fmedia&parent=49864"}],"wp:term":[{"taxonomy":"category","embeddable":true,"href":"https:\/\/encuentroinformativo.com.mx\/index.php?rest_route=%2Fwp%2Fv2%2Fcategories&post=49864"},{"taxonomy":"post_tag","embeddable":true,"href":"https:\/\/encuentroinformativo.com.mx\/index.php?rest_route=%2Fwp%2Fv2%2Ftags&post=49864"}],"curies":[{"name":"wp","href":"https:\/\/api.w.org\/{rel}","templated":true}]}}