{"id":49870,"date":"2024-01-25T14:28:56","date_gmt":"2024-01-25T20:28:56","guid":{"rendered":"https:\/\/encuentroinformativo.com.mx\/?p=49870"},"modified":"2024-01-25T15:31:03","modified_gmt":"2024-01-25T21:31:03","slug":"impartiran-conferencia-la-rebelion-de-la-clase-media","status":"publish","type":"post","link":"https:\/\/encuentroinformativo.com.mx\/?p=49870","title":{"rendered":"Impartir\u00e1n conferencia &#8220;La Rebeli\u00f3n de la Clase Media&#8221;"},"content":{"rendered":"\n<p><strong>Alejandro \u00c1vila<\/strong><\/p>\n\n\n\n<p>Veracruz, Ver.- Con la finalidad de que la ciudadan\u00eda busca tener mejores condiciones de seguridad, educaci\u00f3n y salud, organizaciones civiles realizar\u00e1n la conferencia &#8220;La Rebeli\u00f3n de la Clase Media&#8221;, impartida por Guillermo Velasco.<\/p>\n\n\n\n<p>Sandra L\u00f3pez, integrante de Formaci\u00f3n Integral Veracruzana (Forinver), dijo en rueda de prensa, que los integrantes de su agrupaci\u00f3n, en conjunto con otras asociaciones civiles, invitan a la ciudadan\u00eda a que asistan a esta conferencia que tiene como finalidad tener una sociedad m\u00e1s activa y de esta forma mejorar las condiciones sociales y econ\u00f3micas del pa\u00eds.<\/p>\n\n\n\n<p>&#8220;La&nbsp; clase media somos todos, todas las personas que trabajamos y sosten nos a nuestras familias y cuidamos nuestro patrimonio, es por ello que invitamos a las personas a qu\u00e9 asistan a esta conferencia que ser\u00e1 impartida por Guillermo Velasco, quien cuenta con experiencia laboral y docente&#8221;,&nbsp; mencion\u00f3 Sandra L\u00f3pez.&nbsp;<\/p>\n\n\n\n<p>La conferencia &#8220;La Rebeli\u00f3n de la Clase Media&#8221; se realizar\u00e1 el pr\u00f3ximo martes 30 de enero a las 20 horas en hotel Galer\u00eda Plaza de Boca del R\u00edo.<\/p>\n\n\n\n<p>Los boletos se pueden adquirir en las cafeter\u00edas Jarrita de Oro y ubicadas en diferentes puntos de venta de la zona conurbada.<\/p>\n","protected":false},"excerpt":{"rendered":"<p>Alejandro \u00c1vila Veracruz, Ver.- Con la finalidad de que la ciudadan\u00eda busca tener mejores condiciones de seguridad, educaci\u00f3n y salud, organizaciones civiles realizar\u00e1n la conferencia &#8220;La Rebeli\u00f3n de la Clase Media&#8221;, impartida por Guillermo Velasco. Sandra L\u00f3pez, integrante de Formaci\u00f3n Integral Veracruzana (Forinver), dijo en rueda de prensa, que los integrantes de su agrupaci\u00f3n, en [&hellip;]<\/p>\n","protected":false},"author":2476,"featured_media":49871,"comment_status":"open","ping_status":"open","sticky":false,"template":"","format":"standard","meta":{"_jetpack_memberships_contains_paid_content":false,"footnotes":""},"categories":[2],"tags":[],"class_list":["post-49870","post","type-post","status-publish","format-standard","has-post-thumbnail","hentry","category-estado"],"jetpack_featured_media_url":"https:\/\/encuentroinformativo.com.mx\/wp-content\/uploads\/2024\/01\/IMG-20240125-WA01792.jpg","jetpack_sharing_enabled":true,"jetpack_likes_enabled":true,"amp_enabled":true,"_links":{"self":[{"href":"https:\/\/encuentroinformativo.com.mx\/index.php?rest_route=\/wp\/v2\/posts\/49870","targetHints":{"allow":["GET"]}}],"collection":[{"href":"https:\/\/encuentroinformativo.com.mx\/index.php?rest_route=\/wp\/v2\/posts"}],"about":[{"href":"https:\/\/encuentroinformativo.com.mx\/index.php?rest_route=\/wp\/v2\/types\/post"}],"author":[{"embeddable":true,"href":"https:\/\/encuentroinformativo.com.mx\/index.php?rest_route=\/wp\/v2\/users\/2476"}],"replies":[{"embeddable":true,"href":"https:\/\/encuentroinformativo.com.mx\/index.php?rest_route=%2Fwp%2Fv2%2Fcomments&post=49870"}],"version-history":[{"count":1,"href":"https:\/\/encuentroinformativo.com.mx\/index.php?rest_route=\/wp\/v2\/posts\/49870\/revisions"}],"predecessor-version":[{"id":49872,"href":"https:\/\/encuentroinformativo.com.mx\/index.php?rest_route=\/wp\/v2\/posts\/49870\/revisions\/49872"}],"wp:featuredmedia":[{"embeddable":true,"href":"https:\/\/encuentroinformativo.com.mx\/index.php?rest_route=\/wp\/v2\/media\/49871"}],"wp:attachment":[{"href":"https:\/\/encuentroinformativo.com.mx\/index.php?rest_route=%2Fwp%2Fv2%2Fmedia&parent=49870"}],"wp:term":[{"taxonomy":"category","embeddable":true,"href":"https:\/\/encuentroinformativo.com.mx\/index.php?rest_route=%2Fwp%2Fv2%2Fcategories&post=49870"},{"taxonomy":"post_tag","embeddable":true,"href":"https:\/\/encuentroinformativo.com.mx\/index.php?rest_route=%2Fwp%2Fv2%2Ftags&post=49870"}],"curies":[{"name":"wp","href":"https:\/\/api.w.org\/{rel}","templated":true}]}}