{"id":49873,"date":"2024-01-25T16:23:46","date_gmt":"2024-01-25T22:23:46","guid":{"rendered":"https:\/\/encuentroinformativo.com.mx\/?p=49873"},"modified":"2024-01-25T16:23:49","modified_gmt":"2024-01-25T22:23:49","slug":"hay-carpeta-de-investigacion-por-homicidio-de-ganaderos-afirma-fge","status":"publish","type":"post","link":"https:\/\/encuentroinformativo.com.mx\/?p=49873","title":{"rendered":"Hay carpeta de investigaci\u00f3n por homicidio de ganaderos, afirma FGE"},"content":{"rendered":"\n<p><strong>Dar\u00edo Pale <\/strong><\/p>\n\n\n\n<p>Xalapa, Ver.- La Fiscal General del Estado (FGE), Ver\u00f3nica Hern\u00e1ndez Giad\u00e1ns dio a conocer que se abri\u00f3 una carpeta de investigaci\u00f3n en la que se est\u00e1 investigando la responsabilidad de los custodios que estaban a cargo de las medidas cautelares de Cristian Manuel V\u00e1zquez Feria, l\u00edder de la asociaci\u00f3n ganadera de Playa Vicente, y su hermano, asesinados el 21 de enero.<\/p>\n\n\n\n<p>Cabe recordar que el gobernador de Veracruz, Cuitl\u00e1huac Garc\u00eda Jim\u00e9nez, explic\u00f3 que Cristian Manuel V\u00e1zquez Feria incumpli\u00f3 la medida cautelar de resguardo domiciliario porque estaba sujeto a un proceso judicial, y se evadi\u00f3 de su vivienda para asistir a una celebraci\u00f3n en los corrales de Arroyo Zacate, donde \u00e9l criaba y vend\u00eda ganado.\u00a0<\/p>\n\n\n\n<p>En entrevista, la Fiscal General del Estado aclar\u00f3 que se est\u00e1 investigando el caso, \u201chay una carpeta de investigaci\u00f3n abierta (\u2026) era una persona, la v\u00edctima, que estaba en resguardo domiciliario, con una medida. Hace pocos d\u00edas fue el cambio de medida, y estamos indagando para ver la posible responsabilidad o no de los que tuvieran esta obligaci\u00f3n\u201d.<\/p>\n\n\n\n<p>Se est\u00e1n llevando las diligencias y existe el compromiso de que no habr\u00e1 impunidad y explic\u00f3 que hay dos l\u00edneas de investigaci\u00f3n, tal como lo afirm\u00f3 el gobernador.<\/p>\n\n\n\n<p>Respecto del tema de Lerdo de Tejada, explic\u00f3 que est\u00e1n cuatro personas vinculadas a proceso, como responsables de homicidio doloso, y en una carpeta se podr\u00edan incluir a m\u00e1s funcionarios, pero est\u00e1 enfocado a polic\u00edas municipales.<\/p>\n\n\n\n<p>Coment\u00f3 que van a retomar las quejas de la poblaci\u00f3n que se usaba a los polic\u00edas para extorsionar a los pobladores, aunque la carpeta esta relacionada con el delito de homicidio doloso.<\/p>\n\n\n\n<p>Cuestionada de la denuncia de que eran cinco elementos y no cuatro, los responsables del asesinato del joven, reiter\u00f3 que ellos vincularon a proceso a cuatro de ellos y se sigue investigando si hay responsabilidad de alg\u00fan otro funcionario, \u201cdaremos lo avances conforme se vayan dando los teniendo\u201d.<\/p>\n","protected":false},"excerpt":{"rendered":"<p>Dar\u00edo Pale Xalapa, Ver.- La Fiscal General del Estado (FGE), Ver\u00f3nica Hern\u00e1ndez Giad\u00e1ns dio a conocer que se abri\u00f3 una carpeta de investigaci\u00f3n en la que se est\u00e1 investigando la responsabilidad de los custodios que estaban a cargo de las medidas cautelares de Cristian Manuel V\u00e1zquez Feria, l\u00edder de la asociaci\u00f3n ganadera de Playa Vicente, [&hellip;]<\/p>\n","protected":false},"author":2476,"featured_media":49874,"comment_status":"open","ping_status":"open","sticky":false,"template":"","format":"standard","meta":{"_jetpack_memberships_contains_paid_content":false,"footnotes":""},"categories":[2],"tags":[],"class_list":["post-49873","post","type-post","status-publish","format-standard","has-post-thumbnail","hentry","category-estado"],"jetpack_featured_media_url":"https:\/\/encuentroinformativo.com.mx\/wp-content\/uploads\/2024\/01\/IMG-20240125-WA0184-scaled.jpg","jetpack_sharing_enabled":true,"jetpack_likes_enabled":true,"amp_enabled":true,"_links":{"self":[{"href":"https:\/\/encuentroinformativo.com.mx\/index.php?rest_route=\/wp\/v2\/posts\/49873","targetHints":{"allow":["GET"]}}],"collection":[{"href":"https:\/\/encuentroinformativo.com.mx\/index.php?rest_route=\/wp\/v2\/posts"}],"about":[{"href":"https:\/\/encuentroinformativo.com.mx\/index.php?rest_route=\/wp\/v2\/types\/post"}],"author":[{"embeddable":true,"href":"https:\/\/encuentroinformativo.com.mx\/index.php?rest_route=\/wp\/v2\/users\/2476"}],"replies":[{"embeddable":true,"href":"https:\/\/encuentroinformativo.com.mx\/index.php?rest_route=%2Fwp%2Fv2%2Fcomments&post=49873"}],"version-history":[{"count":1,"href":"https:\/\/encuentroinformativo.com.mx\/index.php?rest_route=\/wp\/v2\/posts\/49873\/revisions"}],"predecessor-version":[{"id":49875,"href":"https:\/\/encuentroinformativo.com.mx\/index.php?rest_route=\/wp\/v2\/posts\/49873\/revisions\/49875"}],"wp:featuredmedia":[{"embeddable":true,"href":"https:\/\/encuentroinformativo.com.mx\/index.php?rest_route=\/wp\/v2\/media\/49874"}],"wp:attachment":[{"href":"https:\/\/encuentroinformativo.com.mx\/index.php?rest_route=%2Fwp%2Fv2%2Fmedia&parent=49873"}],"wp:term":[{"taxonomy":"category","embeddable":true,"href":"https:\/\/encuentroinformativo.com.mx\/index.php?rest_route=%2Fwp%2Fv2%2Fcategories&post=49873"},{"taxonomy":"post_tag","embeddable":true,"href":"https:\/\/encuentroinformativo.com.mx\/index.php?rest_route=%2Fwp%2Fv2%2Ftags&post=49873"}],"curies":[{"name":"wp","href":"https:\/\/api.w.org\/{rel}","templated":true}]}}