{"id":49879,"date":"2024-01-26T11:37:34","date_gmt":"2024-01-26T17:37:34","guid":{"rendered":"https:\/\/encuentroinformativo.com.mx\/?p=49879"},"modified":"2024-01-26T11:37:39","modified_gmt":"2024-01-26T17:37:39","slug":"exhorta-diputada-a-tomar-en-serio-aumento-de-casos-de-influenza-y-covid-en-veracruz","status":"publish","type":"post","link":"https:\/\/encuentroinformativo.com.mx\/?p=49879","title":{"rendered":"Exhorta diputada a tomar en serio aumento de casos de influenza y COVID en Veracruz"},"content":{"rendered":"\n<p><strong>Alejandro \u00c1vila<\/strong><\/p>\n\n\n\n<p>Veracruz, Ver.- La diputada, Ver\u00f3nica Pulido Herrera, inst\u00f3 al Gobierno de Veracruz a tomar en serio el aumento de casos de Influencia y COVID en la entidad veracruzana.<\/p>\n\n\n\n<p>La legisladora panista se\u00f1al\u00f3 que no se trata de echar culpas o minimizar la situaci\u00f3n, sino de trabajar en conjunto para evitar un nuevo brote que afecte la salud de las familias veracruzanas.<\/p>\n\n\n\n<p>Mencion\u00f3 que al 11 de enero, de acuerdo al Informe Semanal de la COVID-19, Influenza y Otros Virus Respiratorios de la Secretar\u00eda de Salud Federal, nuestro pa\u00eds cerr\u00f3 el 2023 con 20 mil 233 casos confirmados de COVID 19 en las USMER (Unidades de Salud Monitoras de Enfermedad Respiratoria), y en lo que va de 2024, son 9 mil 129 casos sospechosos de los cuales se han confirmado 390 casos a la COVID 19 y 9 defunciones por la misma enfermedad.&nbsp;<\/p>\n\n\n\n<p>En la temporada estacional Influenza 2023-2024 se han confirmado 62 mil 432 casos sospechosos de la enfermedad respiratoria viral en las USMER, de los cuales 5 mil 380 son de influenza por laboratorio y 177 defunciones.&nbsp;<\/p>\n\n\n\n<p>Al inicio de 2024, la positividad preliminar por laboratorio de COVID 19 presenta una tendencia al ascenso. Por grupos de edad el an\u00e1lisis muestra un comportamiento m\u00e1s grave de esta enfermedad, principalmente en los grupos de 1 a 4 a\u00f1os, de 55 a 59 y las personas mayores de 70 a\u00f1os, debido a la necesidad de hospitalizaci\u00f3n.&nbsp;&nbsp;<\/p>\n\n\n\n<p>Veracruz, en la temporada de influenza estacional 2023-2024, (semana 40 de 2023 a la fecha) se registraron 1 373 casos de Enfermedad Tipo Influenza e Infecci\u00f3n Respiratoria Aguda, 91 casos de COVID-19 y 3 defunciones por Influenza y en lo que va de 2024 ha acumulado 232 casos de Enfermedad Tipo Influenza e Infecci\u00f3n Respiratoria Aguda y 5 casos de COVID.&nbsp; Esto sin considerar los casos que no se reportan al sector salud y los que no se realizan la prueba.<\/p>\n\n\n\n<p>&#8220;Las cifras no solo son una numeralia, son vidas humanas. Estamos en el \u201cpico\u201d de la temporada de influenza estacional, por lo que es urgente que el Gobierno del Estado deje de negar el problema y reconozca las cifras, sobre todo la necesidad&nbsp; de accionar con oportunidad desde la Secretar\u00eda de Salud, una estrategia para fortalecer la capacidad de respuesta y evitar la propagaci\u00f3n del virus tanto del COVID como el de la Influenza e implementar todas las medidas preventivas y de atenci\u00f3n en todo el territorio veracruzano&#8221;, dijo Ver\u00f3nica Pulido.<\/p>\n\n\n\n<p>La diputada del PAN, expuso que m\u00e9dicos y especialistas ya han mostrado su preocupaci\u00f3n por el repunte de las enfermedades respiratorias y las mutaciones a nuevas variantes del virus SARS-CoV-2 en nuestro estado desde mediados de noviembre pasado; por lo que no debemos esperar que se den escenarios como los del 2020 o los que ya presentan estados como Jalisco, Michoac\u00e1n y Ciudad de M\u00e9xico que ya reportan 100% de ocupaci\u00f3n de camas en hospitalizaci\u00f3n general por COVID&nbsp;<\/p>\n","protected":false},"excerpt":{"rendered":"<p>Alejandro \u00c1vila Veracruz, Ver.- La diputada, Ver\u00f3nica Pulido Herrera, inst\u00f3 al Gobierno de Veracruz a tomar en serio el aumento de casos de Influencia y COVID en la entidad veracruzana. La legisladora panista se\u00f1al\u00f3 que no se trata de echar culpas o minimizar la situaci\u00f3n, sino de trabajar en conjunto para evitar un nuevo brote [&hellip;]<\/p>\n","protected":false},"author":2476,"featured_media":49880,"comment_status":"open","ping_status":"open","sticky":false,"template":"","format":"standard","meta":{"_jetpack_memberships_contains_paid_content":false,"footnotes":""},"categories":[9],"tags":[],"class_list":["post-49879","post","type-post","status-publish","format-standard","has-post-thumbnail","hentry","category-salud"],"jetpack_featured_media_url":"https:\/\/encuentroinformativo.com.mx\/wp-content\/uploads\/2024\/01\/IMG-20240126-WA00062.jpg","jetpack_sharing_enabled":true,"jetpack_likes_enabled":true,"amp_enabled":true,"_links":{"self":[{"href":"https:\/\/encuentroinformativo.com.mx\/index.php?rest_route=\/wp\/v2\/posts\/49879","targetHints":{"allow":["GET"]}}],"collection":[{"href":"https:\/\/encuentroinformativo.com.mx\/index.php?rest_route=\/wp\/v2\/posts"}],"about":[{"href":"https:\/\/encuentroinformativo.com.mx\/index.php?rest_route=\/wp\/v2\/types\/post"}],"author":[{"embeddable":true,"href":"https:\/\/encuentroinformativo.com.mx\/index.php?rest_route=\/wp\/v2\/users\/2476"}],"replies":[{"embeddable":true,"href":"https:\/\/encuentroinformativo.com.mx\/index.php?rest_route=%2Fwp%2Fv2%2Fcomments&post=49879"}],"version-history":[{"count":1,"href":"https:\/\/encuentroinformativo.com.mx\/index.php?rest_route=\/wp\/v2\/posts\/49879\/revisions"}],"predecessor-version":[{"id":49881,"href":"https:\/\/encuentroinformativo.com.mx\/index.php?rest_route=\/wp\/v2\/posts\/49879\/revisions\/49881"}],"wp:featuredmedia":[{"embeddable":true,"href":"https:\/\/encuentroinformativo.com.mx\/index.php?rest_route=\/wp\/v2\/media\/49880"}],"wp:attachment":[{"href":"https:\/\/encuentroinformativo.com.mx\/index.php?rest_route=%2Fwp%2Fv2%2Fmedia&parent=49879"}],"wp:term":[{"taxonomy":"category","embeddable":true,"href":"https:\/\/encuentroinformativo.com.mx\/index.php?rest_route=%2Fwp%2Fv2%2Fcategories&post=49879"},{"taxonomy":"post_tag","embeddable":true,"href":"https:\/\/encuentroinformativo.com.mx\/index.php?rest_route=%2Fwp%2Fv2%2Ftags&post=49879"}],"curies":[{"name":"wp","href":"https:\/\/api.w.org\/{rel}","templated":true}]}}