{"id":49882,"date":"2024-01-26T11:44:33","date_gmt":"2024-01-26T17:44:33","guid":{"rendered":"https:\/\/encuentroinformativo.com.mx\/?p=49882"},"modified":"2024-01-26T11:44:39","modified_gmt":"2024-01-26T17:44:39","slug":"chofer-de-ado-que-atropello-a-mujer-sigue-profugo","status":"publish","type":"post","link":"https:\/\/encuentroinformativo.com.mx\/?p=49882","title":{"rendered":"Chofer de ADO que atropell\u00f3 a mujer sigue pr\u00f3fugo"},"content":{"rendered":"\n<p><strong>Alejandro \u00c1vila<\/strong><\/p>\n\n\n\n<p>Veracruz, Ver.- El chofer de la unidad de ADO 8 102, contin\u00faa pr\u00f3fugo de la justicia tras haber atropellado a Mar\u00eda del Pilar Rodr\u00edguez Mayo, a qui\u00e9n dej\u00f3 con la pierna destrozada y posteriormente en el hospital le fue amputada su extremidad.<\/p>\n\n\n\n<p>Ra\u00fal Rodr\u00edguez Mayo, hermano de la v\u00edctima, relat\u00f3 que los hechos ocurrieron hace aproximadamente 15 d\u00edas en la calle Tuero Molina esquina Salvador D\u00edaz Mir\u00f3n a un costado del auditorio &#8220;Benito Ju\u00e1rez&#8221;.<\/p>\n\n\n\n<p>&#8220;Seg\u00fan testigos nos dijeron que el autob\u00fas ven\u00eda bajando por Xalapa, en la l\u00ednea peatonal hab\u00eda un carro y el autob\u00fas ven\u00eda del lado derecho y se pas\u00f3 al izquierdo, golpeando a mi hermana, mandandola al suelo y pasando por encima la llanta delantera del cami\u00f3n, del autob\u00fas, si gustan las pruebas yo aqu\u00ed las traigo (\u2026) tr\u00e1nsito levant\u00f3 el peritaje y nos hab\u00edan comentado de que s\u00ed hab\u00eda responsabilidad sobre el operador del autob\u00fas, hab\u00eda una responsabilidad porque se di\u00f3 a la fuga&#8221;, mencion\u00f3.<\/p>\n\n\n\n<p>Los afectados ya interpusieron una demanda ante la Fiscal\u00eda de Playa Linda bajo el expediente 154\/2021; sin embargo, hasta el momento no ha habido avances en las investigaciones.<\/p>\n\n\n\n<p>Ante esta situaci\u00f3n, los familiares de la v\u00edctima solicitaron a la empresa ADO que se haga cargo de los gastos m\u00e9dicos, toda vez que el dinero que han logrado juntar para atender a Mar\u00eda del Pilar se les est\u00e1 agotando.<\/p>\n\n\n\n<p>&#8220;La verdad se pide mucho pa\u00f1al, mucha toallita desechable, medicamento y todo eso (\u2026) lo que queremos es que d\u00e9 la cara esta empresa, su apoderado legal y vamos a ver c\u00f3mo vamos a quedar, porque la verdad es una lesi\u00f3n que mi hermana ya definitivamente qued\u00f3 sin su pierna, y la amol\u00f3 lo f\u00edsica y mentalmente (\u2026) inmediatamente se dio a la fuga el chofer dejando la unidad abandonada, y hasta el d\u00eda de hoy no sabemos nada&#8221;, culmin\u00f3.<\/p>\n\n\n\n<p>Aparentemente este viernes 26 de enero, Mar\u00eda del Pilar Rodr\u00edguez Mayo ser\u00eda dada de alta del Hospital Regional de Veracruz, aunque los familiares tendr\u00e1n que liquidar la cuenta m\u00e9dica para poder sacarla de nosocomio.<\/p>\n","protected":false},"excerpt":{"rendered":"<p>Alejandro \u00c1vila Veracruz, Ver.- El chofer de la unidad de ADO 8 102, contin\u00faa pr\u00f3fugo de la justicia tras haber atropellado a Mar\u00eda del Pilar Rodr\u00edguez Mayo, a qui\u00e9n dej\u00f3 con la pierna destrozada y posteriormente en el hospital le fue amputada su extremidad. Ra\u00fal Rodr\u00edguez Mayo, hermano de la v\u00edctima, relat\u00f3 que los hechos [&hellip;]<\/p>\n","protected":false},"author":2476,"featured_media":49883,"comment_status":"open","ping_status":"open","sticky":false,"template":"","format":"standard","meta":{"_jetpack_memberships_contains_paid_content":false,"footnotes":""},"categories":[2],"tags":[],"class_list":["post-49882","post","type-post","status-publish","format-standard","has-post-thumbnail","hentry","category-estado"],"jetpack_featured_media_url":"https:\/\/encuentroinformativo.com.mx\/wp-content\/uploads\/2024\/01\/IMG-20240126-WA00102.jpg","jetpack_sharing_enabled":true,"jetpack_likes_enabled":true,"amp_enabled":true,"_links":{"self":[{"href":"https:\/\/encuentroinformativo.com.mx\/index.php?rest_route=\/wp\/v2\/posts\/49882","targetHints":{"allow":["GET"]}}],"collection":[{"href":"https:\/\/encuentroinformativo.com.mx\/index.php?rest_route=\/wp\/v2\/posts"}],"about":[{"href":"https:\/\/encuentroinformativo.com.mx\/index.php?rest_route=\/wp\/v2\/types\/post"}],"author":[{"embeddable":true,"href":"https:\/\/encuentroinformativo.com.mx\/index.php?rest_route=\/wp\/v2\/users\/2476"}],"replies":[{"embeddable":true,"href":"https:\/\/encuentroinformativo.com.mx\/index.php?rest_route=%2Fwp%2Fv2%2Fcomments&post=49882"}],"version-history":[{"count":1,"href":"https:\/\/encuentroinformativo.com.mx\/index.php?rest_route=\/wp\/v2\/posts\/49882\/revisions"}],"predecessor-version":[{"id":49884,"href":"https:\/\/encuentroinformativo.com.mx\/index.php?rest_route=\/wp\/v2\/posts\/49882\/revisions\/49884"}],"wp:featuredmedia":[{"embeddable":true,"href":"https:\/\/encuentroinformativo.com.mx\/index.php?rest_route=\/wp\/v2\/media\/49883"}],"wp:attachment":[{"href":"https:\/\/encuentroinformativo.com.mx\/index.php?rest_route=%2Fwp%2Fv2%2Fmedia&parent=49882"}],"wp:term":[{"taxonomy":"category","embeddable":true,"href":"https:\/\/encuentroinformativo.com.mx\/index.php?rest_route=%2Fwp%2Fv2%2Fcategories&post=49882"},{"taxonomy":"post_tag","embeddable":true,"href":"https:\/\/encuentroinformativo.com.mx\/index.php?rest_route=%2Fwp%2Fv2%2Ftags&post=49882"}],"curies":[{"name":"wp","href":"https:\/\/api.w.org\/{rel}","templated":true}]}}