{"id":49897,"date":"2024-01-26T13:05:29","date_gmt":"2024-01-26T19:05:29","guid":{"rendered":"https:\/\/encuentroinformativo.com.mx\/?p=49897"},"modified":"2024-01-26T13:05:34","modified_gmt":"2024-01-26T19:05:34","slug":"en-el-ivai-trabajamos-por-un-veracruz-transparente-david-agustin-jimenez-rojas","status":"publish","type":"post","link":"https:\/\/encuentroinformativo.com.mx\/?p=49897","title":{"rendered":"En el IVAI trabajamos por un Veracruz transparente: David Agust\u00edn Jim\u00e9nez Rojas"},"content":{"rendered":"\n<p><strong>*El Comisionado Presidente compareci\u00f3 ante el Pleno del Congreso de Veracruz.<\/strong><\/p>\n\n\n\n<p>Xalapa Ver.- Durante la \u00faltima d\u00e9cada la democracia, la transparencia y el acceso a la informaci\u00f3n p\u00fablica cobraron mayor relevancia en una sociedad abierta, plural y participativa, como es la sociedad veracruzana, y aqu\u00ed el Instituto Veracruzano de Acceso a la Informaci\u00f3n y Protecci\u00f3n de datos Personales (IVAI) tiene el compromiso de garantizar el derecho a la verdad y la transparencia, expres\u00f3 David Agust\u00edn Jim\u00e9nez Rojas, Comisionado Presidente de este \u00d3rgano Garante.<\/p>\n\n\n\n<p>Durante su rendici\u00f3n de cuentas ante el H. Congreso del Estado de Veracruz, correspondiente al periodo diciembre de 2022 &#8211; noviembre de 2023.<\/p>\n\n\n\n<p>Acompa\u00f1ado de la Comisionada Naldy Patricia Rodr\u00edguez Lagunes y el Comisionado Jos\u00e9 Alfredo Corona Liz\u00e1rraga, el Presidente del IVAI, ante la Comisi\u00f3n correspondiente de la LXVI Legislatura, expres\u00f3 que el IVAI tiene el compromiso de garantizar el derecho a la verdad, a trav\u00e9s de acciones eficaces y eficientes, lo que ha permitido que las y los veracruzanos que requieran conocer las actuaciones de la administraci\u00f3n p\u00fablica tengan accesible en todo momento la informaci\u00f3n de, por ejemplo, gasto p\u00fablico, percepciones y salarios, entre otros datos.<\/p>\n\n\n\n<p>En el periodo que se informa se registraron 24,623 solicitudes de informaci\u00f3n, de las cuales solamente se derivaron 2,843 en recursos de revisi\u00f3n, mostrando con ello que d\u00eda con d\u00eda, en Veracruz, los entes estatales y municipales cumplen con el acceso a la informaci\u00f3n.<\/p>\n\n\n\n<p>Por parte de los sujetos obligados, el IVAI recibi\u00f3 791 denuncias por incumplimiento, de las cuales a la fecha se han resuelto 588. En materia de verificaciones oficiosas se realizaron 60 integradas y 40 simplificadas, de las cuales se obtuvo un resultado de cumplimiento de 90 por ciento al 100 ciento.<\/p>\n\n\n\n<p>En su funci\u00f3n de vigilar el cumplimiento por parte de los sujetos obligados en el periodo que se informa se recibieron 2,843 recursos de revisi\u00f3n, que corresponden a 2,815 en materia de acceso a la informaci\u00f3n y 28 en materia de acceso a datos personales; de diciembre 2022 a noviembre 2023 se resolvieron 1,994 medios de impugnaci\u00f3n.<\/p>\n\n\n\n<p>En cuanto a resoluciones emitidas en la etapa procesal del cumplimiento de contabilizaron 706 requerimientos a los sujetos obligados, se abrieron 1,181 expedientes de medidas de apremio, se impusieron 83 amonestaciones p\u00fablicas y 39 multas.<\/p>\n\n\n\n<p>Como sujeto obligado, el IVAI ha sido garante en todo momento del derecho de acceso a la informaci\u00f3n y de la protecci\u00f3n de los datos personales bajo su resguardo; en el periodo que se informa se recibieron 600 solicitudes de acceso a la informaci\u00f3n; del total, 66 fueron recurridas, 28 de ellas fueron confirmadas, 7 sobrese\u00eddas, 1 fue modificada y 25 de ellas se encuentran en proceso.<\/p>\n\n\n\n<p>Continuando con su compromiso por la inclusi\u00f3n, el IVAI realiz\u00f3 una importante labor para la traducci\u00f3n de la informaci\u00f3n de las obligaciones de trasparencia en el portal institucional al: n\u00e1huatl, tepehua, popoluca y totonaco, con el invaluable apoyo de la Academia Veracruzana de Lenguas Ind\u00edgenas.<\/p>\n\n\n\n<p>Dentro de los logros se destac\u00f3 la edici\u00f3n n\u00famero 25 de la Revista ACCESA del Instituto, publicada en el mes de diciembre de 2023, que se denomin\u00f3 \u201cTransparencia Incluyente\u201d, que tiene como objetivo la inclusi\u00f3n y distinci\u00f3n a todas y todos, creando un espacio mediante el acercamiento con personas en situaci\u00f3n de vulnerabilidad, espec\u00edficamente personas con discapacidad.<\/p>\n\n\n\n<p>Se llev\u00f3 a cabo el Proyecto de Lecturas Educativas para la Ni\u00f1ez sobre Transparencia y Entornos Seguros, denominado \u201cProyecto LENTES\u201d, a trav\u00e9s del cual se dieron diversos talleres y charlas a menores de edad y j\u00f3venes, para hacer conciencia del uso de su imagen y datos personales.<\/p>\n\n\n\n<p>Comprometidos con la ciudadan\u00eda veracruzana, continu\u00f3 el Comisionado Presidente, el IVAI ha generado retos y compromisos, impulsando las \u00e1reas de oportunidad al interior del Organismo, a trav\u00e9s de la promoci\u00f3n de la cultura de transparencia y protecci\u00f3n de datos personales, con capacitaciones y campa\u00f1as dirigidas a los sujetos obligados.<\/p>\n\n\n\n<p>El Presidente del IVAI, David Agust\u00edn Jim\u00e9nez Rojas, destac\u00f3 que este \u00d3rgano Garante actualmente ocupa el lugar n\u00famero 7 de los sujetos obligados m\u00e1s requeridos en todo el estado en materia de acceso a la informaci\u00f3n, demostrando su compromiso con la transparencia y rendici\u00f3n de cuentas.<\/p>\n\n\n\n<p>En el Instituto, enfatiz\u00f3, \u201ctrabajamos d\u00eda con d\u00eda por un Veracruz transparente, por lo que continuaremos con nuestro compromiso de velar porque el derecho a la informaci\u00f3n y protecci\u00f3n de datos personales de las y los veracruzanos se cumpla\u201d.<\/p>\n","protected":false},"excerpt":{"rendered":"<p>*El Comisionado Presidente compareci\u00f3 ante el Pleno del Congreso de Veracruz. Xalapa Ver.- Durante la \u00faltima d\u00e9cada la democracia, la transparencia y el acceso a la informaci\u00f3n p\u00fablica cobraron mayor relevancia en una sociedad abierta, plural y participativa, como es la sociedad veracruzana, y aqu\u00ed el Instituto Veracruzano de Acceso a la Informaci\u00f3n y Protecci\u00f3n [&hellip;]<\/p>\n","protected":false},"author":2476,"featured_media":49898,"comment_status":"open","ping_status":"open","sticky":false,"template":"","format":"standard","meta":{"_jetpack_memberships_contains_paid_content":false,"footnotes":""},"categories":[2],"tags":[],"class_list":["post-49897","post","type-post","status-publish","format-standard","has-post-thumbnail","hentry","category-estado"],"jetpack_featured_media_url":"https:\/\/encuentroinformativo.com.mx\/wp-content\/uploads\/2024\/01\/IMG-20240126-WA00142-scaled.jpg","jetpack_sharing_enabled":true,"jetpack_likes_enabled":true,"amp_enabled":true,"_links":{"self":[{"href":"https:\/\/encuentroinformativo.com.mx\/index.php?rest_route=\/wp\/v2\/posts\/49897","targetHints":{"allow":["GET"]}}],"collection":[{"href":"https:\/\/encuentroinformativo.com.mx\/index.php?rest_route=\/wp\/v2\/posts"}],"about":[{"href":"https:\/\/encuentroinformativo.com.mx\/index.php?rest_route=\/wp\/v2\/types\/post"}],"author":[{"embeddable":true,"href":"https:\/\/encuentroinformativo.com.mx\/index.php?rest_route=\/wp\/v2\/users\/2476"}],"replies":[{"embeddable":true,"href":"https:\/\/encuentroinformativo.com.mx\/index.php?rest_route=%2Fwp%2Fv2%2Fcomments&post=49897"}],"version-history":[{"count":1,"href":"https:\/\/encuentroinformativo.com.mx\/index.php?rest_route=\/wp\/v2\/posts\/49897\/revisions"}],"predecessor-version":[{"id":49899,"href":"https:\/\/encuentroinformativo.com.mx\/index.php?rest_route=\/wp\/v2\/posts\/49897\/revisions\/49899"}],"wp:featuredmedia":[{"embeddable":true,"href":"https:\/\/encuentroinformativo.com.mx\/index.php?rest_route=\/wp\/v2\/media\/49898"}],"wp:attachment":[{"href":"https:\/\/encuentroinformativo.com.mx\/index.php?rest_route=%2Fwp%2Fv2%2Fmedia&parent=49897"}],"wp:term":[{"taxonomy":"category","embeddable":true,"href":"https:\/\/encuentroinformativo.com.mx\/index.php?rest_route=%2Fwp%2Fv2%2Fcategories&post=49897"},{"taxonomy":"post_tag","embeddable":true,"href":"https:\/\/encuentroinformativo.com.mx\/index.php?rest_route=%2Fwp%2Fv2%2Ftags&post=49897"}],"curies":[{"name":"wp","href":"https:\/\/api.w.org\/{rel}","templated":true}]}}