{"id":4990,"date":"2020-08-17T13:09:47","date_gmt":"2020-08-17T18:09:47","guid":{"rendered":"https:\/\/encuentroinformativo.com\/?p=4990"},"modified":"2020-08-17T13:09:52","modified_gmt":"2020-08-17T18:09:52","slug":"vinculados-a-proceso-policias-municipales-de-alamo","status":"publish","type":"post","link":"https:\/\/encuentroinformativo.com.mx\/?p=4990","title":{"rendered":"Vinculados a proceso polic\u00edas municipales de \u00c1lamo"},"content":{"rendered":"\n<p><strong>Juan Arcos <\/strong><\/p>\n\n\n\n<p>Xalapa, Ver.- La Fiscal\u00eda Regional Zona Norte-Tuxpan obtuvo la vinculaci\u00f3n a proceso contra siete elementos de la Polic\u00eda Municipal de \u00c1lamo.<\/p>\n\n\n\n<p>Se trata del director de la corporaci\u00f3n, Guillermo \u201cN\u201d y de otros seis servidores p\u00fablicos: Daniel \u201cN\u201d, Mart\u00edn \u201cN\u201d, Filiberto \u201cN\u201d, Pedro \u201cN\u201d, Jos\u00e9 Israel \u201cN\u201d y Francisco \u201cN\u201d.<\/p>\n\n\n\n<p>Los oficiales son se\u00f1alados de tentativa de homicidio, ultrajes a la autoridad y da\u00f1os en agravio de elementos de la Fuerza Civil, as\u00ed como de delitos contra la salud en su modalidad de narcomenudeo por posesi\u00f3n simple de marihuana.<\/p>\n\n\n\n<p>El Juez de Control resolvi\u00f3 la correspondiente vinculaci\u00f3n a proceso a petici\u00f3n de la Fiscal\u00eda, adem\u00e1s mantuvo firme la medida cautelar de prisi\u00f3n preventiva oficiosa por el periodo de un a\u00f1o.<\/p>\n\n\n\n<p>Los polic\u00edas fueron detenidos el pasado 8 de agosto por posibles nexos con la delincuencia organizada.<\/p>\n\n\n\n<p>De acuerdo con informaci\u00f3n de la SSP, los oficiales est\u00e1n ligados a Agust\u00edn \u201cN\u201d, alias &#8220;El Guty&#8221; o &#8220;comandante Jaguar&#8221;, l\u00edder del \u201cGrupo Sombra\u201d, mismo que pertenece al C\u00e1rtel del Golfo y opera en la zona norte de la entidad.<\/p>\n\n\n\n<p>Se acusa al Director de la Polic\u00eda Municipal de haber recibido dinero por parte de \u201cEl Guty\u201d, mientras que los dem\u00e1s oficiales habr\u00edan participado en delitos perpetrados en dicha zona de la entidad.<\/p>\n\n\n\n<p>Hace unos d\u00edas, el alcalde de \u00c1lamo, Jorge Vera Hern\u00e1ndez, declar\u00f3 que los polic\u00edas fueron separados del cargo para que enfrenten el proceso judicial, por lo que fue nombrado un encargado de la Polic\u00eda Municipal en \u00c1lamo, quien mantendr\u00e1 coordinaci\u00f3n con las fuerzas estatales y federales.<\/p>\n\n\n\n<p><\/p>\n","protected":false},"excerpt":{"rendered":"<p>Juan Arcos Xalapa, Ver.- La Fiscal\u00eda Regional Zona Norte-Tuxpan obtuvo la vinculaci\u00f3n a proceso contra siete elementos de la Polic\u00eda Municipal de \u00c1lamo. Se trata del director de la corporaci\u00f3n, Guillermo \u201cN\u201d y de otros seis servidores p\u00fablicos: Daniel \u201cN\u201d, Mart\u00edn \u201cN\u201d, Filiberto \u201cN\u201d, Pedro \u201cN\u201d, Jos\u00e9 Israel \u201cN\u201d y Francisco \u201cN\u201d. Los oficiales son [&hellip;]<\/p>\n","protected":false},"author":1,"featured_media":4991,"comment_status":"open","ping_status":"open","sticky":false,"template":"","format":"standard","meta":{"_jetpack_memberships_contains_paid_content":false,"footnotes":""},"categories":[14],"tags":[],"class_list":["post-4990","post","type-post","status-publish","format-standard","has-post-thumbnail","hentry","category-policiaca"],"jetpack_featured_media_url":"https:\/\/encuentroinformativo.com.mx\/wp-content\/uploads\/2020\/08\/3886EA4E-5EED-4398-841D-DDB66A3BB930.jpeg","jetpack_sharing_enabled":true,"jetpack_likes_enabled":true,"amp_enabled":true,"_links":{"self":[{"href":"https:\/\/encuentroinformativo.com.mx\/index.php?rest_route=\/wp\/v2\/posts\/4990","targetHints":{"allow":["GET"]}}],"collection":[{"href":"https:\/\/encuentroinformativo.com.mx\/index.php?rest_route=\/wp\/v2\/posts"}],"about":[{"href":"https:\/\/encuentroinformativo.com.mx\/index.php?rest_route=\/wp\/v2\/types\/post"}],"author":[{"embeddable":true,"href":"https:\/\/encuentroinformativo.com.mx\/index.php?rest_route=\/wp\/v2\/users\/1"}],"replies":[{"embeddable":true,"href":"https:\/\/encuentroinformativo.com.mx\/index.php?rest_route=%2Fwp%2Fv2%2Fcomments&post=4990"}],"version-history":[{"count":1,"href":"https:\/\/encuentroinformativo.com.mx\/index.php?rest_route=\/wp\/v2\/posts\/4990\/revisions"}],"predecessor-version":[{"id":4992,"href":"https:\/\/encuentroinformativo.com.mx\/index.php?rest_route=\/wp\/v2\/posts\/4990\/revisions\/4992"}],"wp:featuredmedia":[{"embeddable":true,"href":"https:\/\/encuentroinformativo.com.mx\/index.php?rest_route=\/wp\/v2\/media\/4991"}],"wp:attachment":[{"href":"https:\/\/encuentroinformativo.com.mx\/index.php?rest_route=%2Fwp%2Fv2%2Fmedia&parent=4990"}],"wp:term":[{"taxonomy":"category","embeddable":true,"href":"https:\/\/encuentroinformativo.com.mx\/index.php?rest_route=%2Fwp%2Fv2%2Fcategories&post=4990"},{"taxonomy":"post_tag","embeddable":true,"href":"https:\/\/encuentroinformativo.com.mx\/index.php?rest_route=%2Fwp%2Fv2%2Ftags&post=4990"}],"curies":[{"name":"wp","href":"https:\/\/api.w.org\/{rel}","templated":true}]}}