{"id":49910,"date":"2024-01-26T14:57:56","date_gmt":"2024-01-26T20:57:56","guid":{"rendered":"https:\/\/encuentroinformativo.com.mx\/?p=49910"},"modified":"2024-01-26T14:58:01","modified_gmt":"2024-01-26T20:58:01","slug":"sin-necesidad-de-implementar-cubrebocas-en-escuelas-senala-sev","status":"publish","type":"post","link":"https:\/\/encuentroinformativo.com.mx\/?p=49910","title":{"rendered":"Sin necesidad de implementar cubrebocas en escuelas, se\u00f1ala SEV"},"content":{"rendered":"\n<p><strong>Dar\u00edo Pale <\/strong><\/p>\n\n\n\n<p>Xalapa, Ver.- En Veracruz no ha sido necesario que regrese el uso del cubrebocas a las escuelas, as\u00ed lo dio a conocer el titular de la Secretar\u00eda de Educaci\u00f3n en Veracruz (SEV), V\u00edctor Emmanuel Vargas Barrientos.<\/p>\n\n\n\n<p>En entrevista dio a conocer que, en el estado no se ha detectado alguna situaci\u00f3n de emergencia que amerite el uso de \u00e9ste.<\/p>\n\n\n\n<p>\u201cTodav\u00eda no es necesario, insisto, de manera personal he estado en contacto con la Secretar\u00eda de Salud y pendientes que sea necesario pero en Veracruz afortunadamente estamos tranquilos y pendientes en el beneficio de los ni\u00f1os\u201d, se\u00f1al\u00f3.<\/p>\n\n\n\n<p>Dijo que se tiene coordinaci\u00f3n con la Secretar\u00eda de Salud, adem\u00e1s de que las subsecretar\u00edas hacen un monitoreo en los planteles de educaci\u00f3n b\u00e1sica y media superior en los planteles de cada unos de los municipios.\u00a0<\/p>\n\n\n\n<p>\u201cEstamos en contacto permanente con la Secretar\u00eda de Salud, monitoreando cada uno de los municipios y en contacto con la subsecretar\u00edas de educaci\u00f3n b\u00e1sica y media superior, haciendo su monitoreo en escuelas\u201d, coment\u00f3.<\/p>\n\n\n\n<p>El funcionario, adem\u00e1s rechaz\u00f3 que en los planteles educativos haya un incremento de enfermedades respiratorias.<\/p>\n\n\n\n<p>Finalmente explic\u00f3 que hasta el momento no hay reportes sobre ello y record\u00f3 que la dependencia hizo el corrimiento del horario de entrada para el cuidado de los alumnos.<\/p>\n","protected":false},"excerpt":{"rendered":"<p>Dar\u00edo Pale Xalapa, Ver.- En Veracruz no ha sido necesario que regrese el uso del cubrebocas a las escuelas, as\u00ed lo dio a conocer el titular de la Secretar\u00eda de Educaci\u00f3n en Veracruz (SEV), V\u00edctor Emmanuel Vargas Barrientos. En entrevista dio a conocer que, en el estado no se ha detectado alguna situaci\u00f3n de emergencia [&hellip;]<\/p>\n","protected":false},"author":2476,"featured_media":49911,"comment_status":"open","ping_status":"open","sticky":false,"template":"","format":"standard","meta":{"_jetpack_memberships_contains_paid_content":false,"footnotes":""},"categories":[9],"tags":[],"class_list":["post-49910","post","type-post","status-publish","format-standard","has-post-thumbnail","hentry","category-salud"],"jetpack_featured_media_url":"https:\/\/encuentroinformativo.com.mx\/wp-content\/uploads\/2024\/01\/IMG-20240126-WA0047.jpg","jetpack_sharing_enabled":true,"jetpack_likes_enabled":true,"amp_enabled":true,"_links":{"self":[{"href":"https:\/\/encuentroinformativo.com.mx\/index.php?rest_route=\/wp\/v2\/posts\/49910","targetHints":{"allow":["GET"]}}],"collection":[{"href":"https:\/\/encuentroinformativo.com.mx\/index.php?rest_route=\/wp\/v2\/posts"}],"about":[{"href":"https:\/\/encuentroinformativo.com.mx\/index.php?rest_route=\/wp\/v2\/types\/post"}],"author":[{"embeddable":true,"href":"https:\/\/encuentroinformativo.com.mx\/index.php?rest_route=\/wp\/v2\/users\/2476"}],"replies":[{"embeddable":true,"href":"https:\/\/encuentroinformativo.com.mx\/index.php?rest_route=%2Fwp%2Fv2%2Fcomments&post=49910"}],"version-history":[{"count":1,"href":"https:\/\/encuentroinformativo.com.mx\/index.php?rest_route=\/wp\/v2\/posts\/49910\/revisions"}],"predecessor-version":[{"id":49912,"href":"https:\/\/encuentroinformativo.com.mx\/index.php?rest_route=\/wp\/v2\/posts\/49910\/revisions\/49912"}],"wp:featuredmedia":[{"embeddable":true,"href":"https:\/\/encuentroinformativo.com.mx\/index.php?rest_route=\/wp\/v2\/media\/49911"}],"wp:attachment":[{"href":"https:\/\/encuentroinformativo.com.mx\/index.php?rest_route=%2Fwp%2Fv2%2Fmedia&parent=49910"}],"wp:term":[{"taxonomy":"category","embeddable":true,"href":"https:\/\/encuentroinformativo.com.mx\/index.php?rest_route=%2Fwp%2Fv2%2Fcategories&post=49910"},{"taxonomy":"post_tag","embeddable":true,"href":"https:\/\/encuentroinformativo.com.mx\/index.php?rest_route=%2Fwp%2Fv2%2Ftags&post=49910"}],"curies":[{"name":"wp","href":"https:\/\/api.w.org\/{rel}","templated":true}]}}