{"id":49913,"date":"2024-01-26T17:47:21","date_gmt":"2024-01-26T23:47:21","guid":{"rendered":"https:\/\/encuentroinformativo.com.mx\/?p=49913"},"modified":"2024-01-26T17:47:28","modified_gmt":"2024-01-26T23:47:28","slug":"veracruz-mantiene-niveles-bajos-en-casos-de-covid-salud","status":"publish","type":"post","link":"https:\/\/encuentroinformativo.com.mx\/?p=49913","title":{"rendered":"Veracruz mantiene niveles bajos en casos de COVID: Salud"},"content":{"rendered":"\n<p><strong>Dar\u00edo Pale <\/strong><\/p>\n\n\n\n<p>Xalapa, Ver.- La tendencia de casos de Covid 19 que se han registrado hasta este momento, en comparaci\u00f3n con las olas que hubo en la pandemia; est\u00e1 en los niveles m\u00e1s bajos, as\u00ed lo dio a conocer la secretaria de Salud, Guadalupe D\u00edaz del Castillo.<\/p>\n\n\n\n<p>En entrevista, manifest\u00f3 que el Covid lleg\u00f3 para quedarse al igual que otras infecciones respiratorias como influenza o el virus sincitial respiratorio, entre otras infecciones bacterianas que circulan en esta temporada por lo determinantes sociales.<\/p>\n\n\n\n<p>&#8220;Hay que continuar alertas, hay que continuar previniendo la transmisi\u00f3n de enfermedades respiratorias y mantener las medidas de prevenci\u00f3n&#8221;, se\u00f1al\u00f3.<\/p>\n\n\n\n<p>Expuso que los casos se han presentado en todo el Estado y el mayor n\u00famero de casos es donde hay una mayor concentraci\u00f3n de personas.<\/p>\n\n\n\n<p>&#8220;Enfocar hacia una sola zona hace que los dem\u00e1s nos confiemos, hay que ponernos alertas y prevenir todas las enfermedades&#8221;, asever\u00f3.<\/p>\n\n\n\n<p>Finalmente, invit\u00f3 a la poblaci\u00f3n en general a vacunarse y afirm\u00f3 que para ellos hay el biol\u00f3gico en todos los centros de salud.<\/p>\n","protected":false},"excerpt":{"rendered":"<p>Dar\u00edo Pale Xalapa, Ver.- La tendencia de casos de Covid 19 que se han registrado hasta este momento, en comparaci\u00f3n con las olas que hubo en la pandemia; est\u00e1 en los niveles m\u00e1s bajos, as\u00ed lo dio a conocer la secretaria de Salud, Guadalupe D\u00edaz del Castillo. En entrevista, manifest\u00f3 que el Covid lleg\u00f3 para [&hellip;]<\/p>\n","protected":false},"author":2476,"featured_media":49914,"comment_status":"open","ping_status":"open","sticky":false,"template":"","format":"standard","meta":{"_jetpack_memberships_contains_paid_content":false,"footnotes":""},"categories":[9],"tags":[],"class_list":["post-49913","post","type-post","status-publish","format-standard","has-post-thumbnail","hentry","category-salud"],"jetpack_featured_media_url":"https:\/\/encuentroinformativo.com.mx\/wp-content\/uploads\/2024\/01\/IMG-20240126-WA0048.jpg","jetpack_sharing_enabled":true,"jetpack_likes_enabled":true,"amp_enabled":true,"_links":{"self":[{"href":"https:\/\/encuentroinformativo.com.mx\/index.php?rest_route=\/wp\/v2\/posts\/49913","targetHints":{"allow":["GET"]}}],"collection":[{"href":"https:\/\/encuentroinformativo.com.mx\/index.php?rest_route=\/wp\/v2\/posts"}],"about":[{"href":"https:\/\/encuentroinformativo.com.mx\/index.php?rest_route=\/wp\/v2\/types\/post"}],"author":[{"embeddable":true,"href":"https:\/\/encuentroinformativo.com.mx\/index.php?rest_route=\/wp\/v2\/users\/2476"}],"replies":[{"embeddable":true,"href":"https:\/\/encuentroinformativo.com.mx\/index.php?rest_route=%2Fwp%2Fv2%2Fcomments&post=49913"}],"version-history":[{"count":1,"href":"https:\/\/encuentroinformativo.com.mx\/index.php?rest_route=\/wp\/v2\/posts\/49913\/revisions"}],"predecessor-version":[{"id":49915,"href":"https:\/\/encuentroinformativo.com.mx\/index.php?rest_route=\/wp\/v2\/posts\/49913\/revisions\/49915"}],"wp:featuredmedia":[{"embeddable":true,"href":"https:\/\/encuentroinformativo.com.mx\/index.php?rest_route=\/wp\/v2\/media\/49914"}],"wp:attachment":[{"href":"https:\/\/encuentroinformativo.com.mx\/index.php?rest_route=%2Fwp%2Fv2%2Fmedia&parent=49913"}],"wp:term":[{"taxonomy":"category","embeddable":true,"href":"https:\/\/encuentroinformativo.com.mx\/index.php?rest_route=%2Fwp%2Fv2%2Fcategories&post=49913"},{"taxonomy":"post_tag","embeddable":true,"href":"https:\/\/encuentroinformativo.com.mx\/index.php?rest_route=%2Fwp%2Fv2%2Ftags&post=49913"}],"curies":[{"name":"wp","href":"https:\/\/api.w.org\/{rel}","templated":true}]}}