{"id":49928,"date":"2024-01-27T14:23:12","date_gmt":"2024-01-27T20:23:12","guid":{"rendered":"https:\/\/encuentroinformativo.com.mx\/?p=49928"},"modified":"2024-01-27T14:23:18","modified_gmt":"2024-01-27T20:23:18","slug":"inicia-venta-de-boletos-para-primer-concierto-de-edith-marquez-en-veracruz","status":"publish","type":"post","link":"https:\/\/encuentroinformativo.com.mx\/?p=49928","title":{"rendered":"Inicia venta de boletos para primer concierto de Edith M\u00e1rquez en Veracruz"},"content":{"rendered":"\n<p><strong>Alejandro \u00c1vila<\/strong><\/p>\n\n\n\n<p>Veracruz, Ver.- Este s\u00e1bado 27 de enero inicia la venta de boletos para el concierto de Edith M\u00e1rquez, evento muy esperado, pues es la primera ocasi\u00f3n que se presenta en Veracruz.<\/p>\n\n\n\n<p>La poblana, considerada una de las bolsas m\u00e1s relevantes de M\u00e9xico, celebrar\u00e1 sus 25 a\u00f1os de trayectoria art\u00edstica con el tour &#8220;Frente a Ti&#8221;.<\/p>\n\n\n\n<p>El auditorio &#8220;Benito Ju\u00e1rez&#8221; de la ciudad de Veracruz ser\u00e1 el testigo de este magno evento, que se llevar\u00e1 a cabo el 3 de mayo a partir de las 21 horas.<\/p>\n\n\n\n<p>La cantante presentar\u00e1 un recital de m\u00e1s de dos horas, sus canciones de amor y desamor, haciendo un repaso por sus temas de ranchero, banda, baladas y pop.<\/p>\n\n\n\n<p>\u201cMi error, mi Fantas\u00eda\u201d, \u201cM\u00edrame\u201d, \u201cAunque sea en otra vida\u201d, \u201cNo te preocupes por m\u00ed\u201d, \u201cMe voy\u201d, \u201cDej\u00e9moslo as\u00ed\u201d, \u201cEse beso\u201d ser\u00e1n parte de la cascada de \u00e9xitos que Edith M\u00e1rquez cantar\u00e1 y celebrar\u00e1 con su p\u00fablico 25 a\u00f1os de carrera.<\/p>\n\n\n\n<p>LOCALIDADES&nbsp;<\/p>\n\n\n\n<p>Zona Diamante: $2,099.00<br>Zona Oro: $1,800.00<br>Platinum Central Numerado: $1,500.00<br>Zafiro Central Numerado: $1,200.00<br>Bronce Alta Numerado: $900.00<br>Frontal Alta General: $500.00<br>Informes: 229 419 9695<br>Facebook: RA Representaciones Art\u00edsticas<\/p>\n\n\n\n<p>Este s\u00e1bado a partir de las 10 de la ma\u00f1ana inicia la venta de entradas en la plataforma,&nbsp;tusboletos.mx<\/p>\n","protected":false},"excerpt":{"rendered":"<p>Alejandro \u00c1vila Veracruz, Ver.- Este s\u00e1bado 27 de enero inicia la venta de boletos para el concierto de Edith M\u00e1rquez, evento muy esperado, pues es la primera ocasi\u00f3n que se presenta en Veracruz. La poblana, considerada una de las bolsas m\u00e1s relevantes de M\u00e9xico, celebrar\u00e1 sus 25 a\u00f1os de trayectoria art\u00edstica con el tour &#8220;Frente [&hellip;]<\/p>\n","protected":false},"author":2476,"featured_media":49929,"comment_status":"open","ping_status":"open","sticky":false,"template":"","format":"standard","meta":{"_jetpack_memberships_contains_paid_content":false,"footnotes":""},"categories":[2],"tags":[],"class_list":["post-49928","post","type-post","status-publish","format-standard","has-post-thumbnail","hentry","category-estado"],"jetpack_featured_media_url":"https:\/\/encuentroinformativo.com.mx\/wp-content\/uploads\/2024\/01\/IMG-20240127-WA0004.jpg","jetpack_sharing_enabled":true,"jetpack_likes_enabled":true,"amp_enabled":true,"_links":{"self":[{"href":"https:\/\/encuentroinformativo.com.mx\/index.php?rest_route=\/wp\/v2\/posts\/49928","targetHints":{"allow":["GET"]}}],"collection":[{"href":"https:\/\/encuentroinformativo.com.mx\/index.php?rest_route=\/wp\/v2\/posts"}],"about":[{"href":"https:\/\/encuentroinformativo.com.mx\/index.php?rest_route=\/wp\/v2\/types\/post"}],"author":[{"embeddable":true,"href":"https:\/\/encuentroinformativo.com.mx\/index.php?rest_route=\/wp\/v2\/users\/2476"}],"replies":[{"embeddable":true,"href":"https:\/\/encuentroinformativo.com.mx\/index.php?rest_route=%2Fwp%2Fv2%2Fcomments&post=49928"}],"version-history":[{"count":1,"href":"https:\/\/encuentroinformativo.com.mx\/index.php?rest_route=\/wp\/v2\/posts\/49928\/revisions"}],"predecessor-version":[{"id":49930,"href":"https:\/\/encuentroinformativo.com.mx\/index.php?rest_route=\/wp\/v2\/posts\/49928\/revisions\/49930"}],"wp:featuredmedia":[{"embeddable":true,"href":"https:\/\/encuentroinformativo.com.mx\/index.php?rest_route=\/wp\/v2\/media\/49929"}],"wp:attachment":[{"href":"https:\/\/encuentroinformativo.com.mx\/index.php?rest_route=%2Fwp%2Fv2%2Fmedia&parent=49928"}],"wp:term":[{"taxonomy":"category","embeddable":true,"href":"https:\/\/encuentroinformativo.com.mx\/index.php?rest_route=%2Fwp%2Fv2%2Fcategories&post=49928"},{"taxonomy":"post_tag","embeddable":true,"href":"https:\/\/encuentroinformativo.com.mx\/index.php?rest_route=%2Fwp%2Fv2%2Ftags&post=49928"}],"curies":[{"name":"wp","href":"https:\/\/api.w.org\/{rel}","templated":true}]}}