{"id":49949,"date":"2024-01-28T14:49:59","date_gmt":"2024-01-28T20:49:59","guid":{"rendered":"https:\/\/encuentroinformativo.com.mx\/?p=49949"},"modified":"2024-01-28T14:50:04","modified_gmt":"2024-01-28T20:50:04","slug":"padres-reclaman-docentes-en-distintos-planteles-escolares","status":"publish","type":"post","link":"https:\/\/encuentroinformativo.com.mx\/?p=49949","title":{"rendered":"Padres reclaman docentes en distintos planteles escolares"},"content":{"rendered":"\n<p><strong>Juan Arcos<\/strong><\/p>\n\n\n\n<p>Xalapa, Ver.- En diversas escuelas del estado de Veracruz se han registrado quejas de madres y padres de familia por la falta de docentes.<\/p>\n\n\n\n<p>En algunos planteles ha habido protestas durante este mes de enero por el mismo motivo y contin\u00faan en aumento los casos.<\/p>\n\n\n\n<p>En la escuela primaria \u201cManuel C. Tello\u201d de la localidad de El Castillo Chico, en Xalapa, faltan dos profesores.<\/p>\n\n\n\n<p>La gente tom\u00f3 el plantel el pasado viernes por la falta de una respuesta oportuna de las autoridades educativas.<\/p>\n\n\n\n<p>Los alumnos de quinto y sexto grado de primaria carecen de docente frente a grupo desde que inici\u00f3 el ciclo escolar 2023-2024.<\/p>\n\n\n\n<p>Ante la omisi\u00f3n por parte de la Secretar\u00eda de Educaci\u00f3n de Veracruz (SEV), el pr\u00f3ximo lunes 29 de enero la gente planea protestar y bloquear la carretera Xalapa-Alto Lucero.<\/p>\n\n\n\n<p>\u201cSu preparaci\u00f3n escolar es deficiente y no podr\u00e1n aprobar el examen de admisi\u00f3n que se aplica para ingresar a las escuelas de educaci\u00f3n secundaria\u201d, increparon.<\/p>\n\n\n\n<p>Tambi\u00e9n hubo manifestaciones en la escuela telesecundaria \u201cIsrael C. T\u00e9llez\u201d del municipio de Papantla, donde faltan dos profesores.<\/p>\n\n\n\n<p>Sin embargo, los reclamos han sido constantes tambi\u00e9n en escuelas de las regiones centro y sur de la entidad veracruzana.<\/p>\n","protected":false},"excerpt":{"rendered":"<p>Juan Arcos Xalapa, Ver.- En diversas escuelas del estado de Veracruz se han registrado quejas de madres y padres de familia por la falta de docentes. En algunos planteles ha habido protestas durante este mes de enero por el mismo motivo y contin\u00faan en aumento los casos. En la escuela primaria \u201cManuel C. Tello\u201d de [&hellip;]<\/p>\n","protected":false},"author":2476,"featured_media":49950,"comment_status":"open","ping_status":"open","sticky":false,"template":"","format":"standard","meta":{"_jetpack_memberships_contains_paid_content":false,"footnotes":""},"categories":[2],"tags":[],"class_list":["post-49949","post","type-post","status-publish","format-standard","has-post-thumbnail","hentry","category-estado"],"jetpack_featured_media_url":"https:\/\/encuentroinformativo.com.mx\/wp-content\/uploads\/2024\/01\/7ac1f655-e1a3-4ad5-b77e-48f3195302af.jpg","jetpack_sharing_enabled":true,"jetpack_likes_enabled":true,"amp_enabled":true,"_links":{"self":[{"href":"https:\/\/encuentroinformativo.com.mx\/index.php?rest_route=\/wp\/v2\/posts\/49949","targetHints":{"allow":["GET"]}}],"collection":[{"href":"https:\/\/encuentroinformativo.com.mx\/index.php?rest_route=\/wp\/v2\/posts"}],"about":[{"href":"https:\/\/encuentroinformativo.com.mx\/index.php?rest_route=\/wp\/v2\/types\/post"}],"author":[{"embeddable":true,"href":"https:\/\/encuentroinformativo.com.mx\/index.php?rest_route=\/wp\/v2\/users\/2476"}],"replies":[{"embeddable":true,"href":"https:\/\/encuentroinformativo.com.mx\/index.php?rest_route=%2Fwp%2Fv2%2Fcomments&post=49949"}],"version-history":[{"count":1,"href":"https:\/\/encuentroinformativo.com.mx\/index.php?rest_route=\/wp\/v2\/posts\/49949\/revisions"}],"predecessor-version":[{"id":49951,"href":"https:\/\/encuentroinformativo.com.mx\/index.php?rest_route=\/wp\/v2\/posts\/49949\/revisions\/49951"}],"wp:featuredmedia":[{"embeddable":true,"href":"https:\/\/encuentroinformativo.com.mx\/index.php?rest_route=\/wp\/v2\/media\/49950"}],"wp:attachment":[{"href":"https:\/\/encuentroinformativo.com.mx\/index.php?rest_route=%2Fwp%2Fv2%2Fmedia&parent=49949"}],"wp:term":[{"taxonomy":"category","embeddable":true,"href":"https:\/\/encuentroinformativo.com.mx\/index.php?rest_route=%2Fwp%2Fv2%2Fcategories&post=49949"},{"taxonomy":"post_tag","embeddable":true,"href":"https:\/\/encuentroinformativo.com.mx\/index.php?rest_route=%2Fwp%2Fv2%2Ftags&post=49949"}],"curies":[{"name":"wp","href":"https:\/\/api.w.org\/{rel}","templated":true}]}}