{"id":4996,"date":"2020-08-17T13:36:30","date_gmt":"2020-08-17T18:36:30","guid":{"rendered":"https:\/\/encuentroinformativo.com\/?p=4996"},"modified":"2020-08-17T13:36:34","modified_gmt":"2020-08-17T18:36:34","slug":"abogados-acusan-apatia-en-el-poder-judicial-realizan-protestas","status":"publish","type":"post","link":"https:\/\/encuentroinformativo.com.mx\/?p=4996","title":{"rendered":"Abogados acusan apat\u00eda en el Poder Judicial, realizan protestas"},"content":{"rendered":"\n<p><strong>Dar\u00edo Pale<\/strong> <\/p>\n\n\n\n<p>Xalapa, Ver.- El presidente de Abogados Juristas del estado de Veracruz, Valent\u00edn Olmos dio a conocer que la suspensi\u00f3n de actividades se podr\u00edan ampliar todo el a\u00f1o debido a la falta de inter\u00e9s por buscar alternativas.<\/p>\n\n\n\n<p>De nueva cuenta protestaron afuera del Poder Judicial de Veracruz ante el nuevo cierre de las instalaciones del 17 al 28 de agosto, por lo que adem\u00e1s urgieron al Gobernador Cuitl\u00e1huac Garc\u00eda, de enfocarse a su labor y procurar una justicia digital.<\/p>\n\n\n\n<p>\u201cLa poblaci\u00f3n veracruzana, los que exigen justicia le manda a decir que deje de estar &#8216;chapeando&#8217; parques y que se preocupe por la impartici\u00f3n de justicia que reclama el pueblo de Veracruz&#8221;, se\u00f1al\u00f3.<\/p>\n\n\n\n<p>Record\u00f3 que el 49 de la Constituci\u00f3n Local no facultan al Gobernador del Estado para &#8220;andar haciendo ese tipo de actividades\u201d, por lo que urgi\u00f3 que el Mandatario debe preocuparse por establecer la justicia en l\u00ednea en el Poder Judicial y realizar las gestiones al respecto.<\/p>\n\n\n\n<p>&#8220;Ahorita estamos pidiendo la renuncia de la Presidenta del Poder Judicial de Veracruz, Sof\u00eda Mart\u00ednez Huerta, toda vez que existe ineptitud, apat\u00eda y falta de inter\u00e9s por querer darle una respuesta al pueblo de Veracruz&#8221; acus\u00f3 Valent\u00edn Olmos.<\/p>\n\n\n\n<p>&#8220;A lo mejor vamos a tomar medidas m\u00e1s dr\u00e1sticas sin afectar da\u00f1os a terceros&#8221; dijo.<\/p>\n\n\n\n<p>Por \u00faltimo de igual forma pidi\u00f3 la intervenci\u00f3n de los poderes ejecutivo y legislativo, &#8220;solicito que el se\u00f1or gobernador se pronuncie y en s\u00ed tenga bien en preocuparse por la justicia en l\u00ednea que tanto venimos reclamando&#8221;.<br><\/p>\n\n\n\n<figure class=\"wp-block-image size-large\"><img loading=\"lazy\" decoding=\"async\" width=\"937\" height=\"742\" src=\"https:\/\/encuentroinformativo.com.mx\/wp-content\/uploads\/2020\/08\/BEE6B258-A3E2-4404-9A8B-0FE4C7ADF829.jpeg\" alt=\"\" class=\"wp-image-4998\" srcset=\"https:\/\/encuentroinformativo.com.mx\/wp-content\/uploads\/2020\/08\/BEE6B258-A3E2-4404-9A8B-0FE4C7ADF829.jpeg 937w, https:\/\/encuentroinformativo.com.mx\/wp-content\/uploads\/2020\/08\/BEE6B258-A3E2-4404-9A8B-0FE4C7ADF829-300x238.jpeg 300w, https:\/\/encuentroinformativo.com.mx\/wp-content\/uploads\/2020\/08\/BEE6B258-A3E2-4404-9A8B-0FE4C7ADF829-768x608.jpeg 768w\" sizes=\"auto, (max-width: 937px) 100vw, 937px\" \/><\/figure>\n\n\n\n<p><\/p>\n","protected":false},"excerpt":{"rendered":"<p>Dar\u00edo Pale Xalapa, Ver.- El presidente de Abogados Juristas del estado de Veracruz, Valent\u00edn Olmos dio a conocer que la suspensi\u00f3n de actividades se podr\u00edan ampliar todo el a\u00f1o debido a la falta de inter\u00e9s por buscar alternativas. De nueva cuenta protestaron afuera del Poder Judicial de Veracruz ante el nuevo cierre de las instalaciones [&hellip;]<\/p>\n","protected":false},"author":1,"featured_media":4997,"comment_status":"open","ping_status":"open","sticky":false,"template":"","format":"standard","meta":{"_jetpack_memberships_contains_paid_content":false,"footnotes":""},"categories":[2],"tags":[],"class_list":["post-4996","post","type-post","status-publish","format-standard","has-post-thumbnail","hentry","category-estado"],"jetpack_featured_media_url":"https:\/\/encuentroinformativo.com.mx\/wp-content\/uploads\/2020\/08\/6D0D9F7E-C70F-4214-B4C0-B8840EC5453F.jpeg","jetpack_sharing_enabled":true,"jetpack_likes_enabled":true,"amp_enabled":true,"_links":{"self":[{"href":"https:\/\/encuentroinformativo.com.mx\/index.php?rest_route=\/wp\/v2\/posts\/4996","targetHints":{"allow":["GET"]}}],"collection":[{"href":"https:\/\/encuentroinformativo.com.mx\/index.php?rest_route=\/wp\/v2\/posts"}],"about":[{"href":"https:\/\/encuentroinformativo.com.mx\/index.php?rest_route=\/wp\/v2\/types\/post"}],"author":[{"embeddable":true,"href":"https:\/\/encuentroinformativo.com.mx\/index.php?rest_route=\/wp\/v2\/users\/1"}],"replies":[{"embeddable":true,"href":"https:\/\/encuentroinformativo.com.mx\/index.php?rest_route=%2Fwp%2Fv2%2Fcomments&post=4996"}],"version-history":[{"count":1,"href":"https:\/\/encuentroinformativo.com.mx\/index.php?rest_route=\/wp\/v2\/posts\/4996\/revisions"}],"predecessor-version":[{"id":4999,"href":"https:\/\/encuentroinformativo.com.mx\/index.php?rest_route=\/wp\/v2\/posts\/4996\/revisions\/4999"}],"wp:featuredmedia":[{"embeddable":true,"href":"https:\/\/encuentroinformativo.com.mx\/index.php?rest_route=\/wp\/v2\/media\/4997"}],"wp:attachment":[{"href":"https:\/\/encuentroinformativo.com.mx\/index.php?rest_route=%2Fwp%2Fv2%2Fmedia&parent=4996"}],"wp:term":[{"taxonomy":"category","embeddable":true,"href":"https:\/\/encuentroinformativo.com.mx\/index.php?rest_route=%2Fwp%2Fv2%2Fcategories&post=4996"},{"taxonomy":"post_tag","embeddable":true,"href":"https:\/\/encuentroinformativo.com.mx\/index.php?rest_route=%2Fwp%2Fv2%2Ftags&post=4996"}],"curies":[{"name":"wp","href":"https:\/\/api.w.org\/{rel}","templated":true}]}}