{"id":49966,"date":"2024-01-29T11:31:59","date_gmt":"2024-01-29T17:31:59","guid":{"rendered":"https:\/\/encuentroinformativo.com.mx\/?p=49966"},"modified":"2024-01-29T11:32:05","modified_gmt":"2024-01-29T17:32:05","slug":"condena-precandidato-al-senado-hechos-violentos-en-veracruz","status":"publish","type":"post","link":"https:\/\/encuentroinformativo.com.mx\/?p=49966","title":{"rendered":"Condena precandidato al Senado hechos violentos en Veracruz"},"content":{"rendered":"\n<p><strong>Dar\u00edo Pale <\/strong><\/p>\n\n\n\n<p>Xalapa, Ver &#8211; El precandidato \u00fanico al Senado de la Rep\u00fablica, Manuel Huerta Ladr\u00f3n de Guevara, conden\u00f3 el cr\u00edmenes en Tuxpan y Perote, no se ha podido acabar con la inseguridad por 35 a\u00f1os de malos gobiernos.<\/p>\n\n\n\n<p>En entrevista previo a una reuni\u00f3n con empresarios de esta capital, expres\u00f3 que los hechos de violencia que se han registrado en las \u00faltimas horas en el Estado lastiman a la sociedad.<\/p>\n\n\n\n<p>&#8220;No puede ser que lo que ocurri\u00f3 en Perote, en Tuxpan, no lo condenemos y esperemos que las autoridades pronto arrojen resultados en sus investigaciones&#8221;, expres\u00f3.<\/p>\n\n\n\n<p>Y es que hace apenas algunas horas en el municipio de Tuxpan fueron hallados 5 cuerpos con un mensaje a la altura del puente Tuxpan.<\/p>\n\n\n\n<p>Asimismo, el domingo por la ma\u00f1ana fueron localizados los cuerpos de dos mujeres sin vida que estaban maniatadas en el municipio de Perote.<\/p>\n\n\n\n<p>En ese sentido, Huerta Ladr\u00f3n de Guevara, consider\u00f3 que se deben de reforzar las polic\u00edas y las estrategias de inteligencia para actuar y prevenir que ese tipo de acontecimientos se vayan atemperando.<\/p>\n\n\n\n<p>&#8220;No ha sido f\u00e1cil revertir una circunstancia de d\u00e9cadas donde (Genaro) Garc\u00eda Luna est\u00e1 en una c\u00e1rcel de Estados Unidos, que era el encargado de la seguridad y la mano derecha de un presidente.<\/p>\n\n\n\n<p>Nunca va a ser suficiente (el esfuerzo), insisto, estamos a 35 a\u00f1os en que este pa\u00eds estuvo gobernado&#8230; La gente tiene que recordar el asesinato de Colosio, el de Ruiz Massieu&#8221;, opin\u00f3.<\/p>\n\n\n\n<p>Neg\u00f3 que los esfuerzos en materia de seguridad en esta administraci\u00f3n no est\u00e9n dando resultados, ya que hay hechos focales.<\/p>\n\n\n\n<p>En ese sentido, admiti\u00f3 que se deben de reforzar otros frentes y conocer la fuente del problema y el momento que se vive.<\/p>\n\n\n\n<p>Acept\u00f3 que en este momento por ser un proceso electoral, se conocer\u00e1n de m\u00e1s denuncias y m\u00e1s situaciones de violencia lamentablemente, as\u00ed como noticias falsas.<\/p>\n\n\n\n<p>En otro orden de ideas, aclar\u00f3 que hasta el pr\u00f3ximo 14 de febrero es la fecha l\u00edmite en la que se podr\u00e1n conocer el nombre de su segunda f\u00f3rmula al Senado.<\/p>\n\n\n\n<p>Ya que el 15 de febrero es cuando inician los registros para las candidaturas a la C\u00e1mara Alta.<\/p>\n\n\n\n<p>Ah\u00ed defini\u00f3 que en el caso de las candidaturas plurinominales, \u00e9stas se definir\u00e1n a trav\u00e9s del m\u00e9todo de t\u00f3mbola.<\/p>\n\n\n\n<p>&#8220;Yo espero que en Veracruz, Roc\u00edo aplique el mismo criterio, pero ya se ver\u00e1 cuando salgan las plurinominales.<\/p>\n\n\n\n<p>Yo creo que ha sido un mecanismo positivo para evitar lo que vemos en las listas del PRI y del PAN&#8221;, expres\u00f3.<\/p>\n\n\n\n<p>El exdelegado del Bienestar defendi\u00f3 a aquellos legisladores que en muchas ocasiones se han subido a la tribuna a leer sus propuestas e iniciativas y que han sido objeto de much\u00edsimas cr\u00edticas porque no saben leer.<\/p>\n\n\n\n<p>&#8220;Ya t\u00fa exageras que no saben leer y escribir, pues claro que saben leer y escribir y es lo que pide la Constituci\u00f3n, qu\u00e9 no pide la Constituci\u00f3n, pero es una parte de la \u00e9tica y la pol\u00edtica: que sean personas honestas&#8221;, se\u00f1al\u00f3.<\/p>\n\n\n\n<p>Finalmente se\u00f1al\u00f3, &#8220;me preocupa que una periodista como t\u00fa que quieran comparar la ignorancia y justificar a delincuentes que hicieron la &#8220;Operaci\u00f3n Zafiro&#8221; y y qu\u00e9 son los que est\u00e1n al frente de las plurinominales del PRI y del PAN&#8221;.<\/p>\n","protected":false},"excerpt":{"rendered":"<p>Dar\u00edo Pale Xalapa, Ver &#8211; El precandidato \u00fanico al Senado de la Rep\u00fablica, Manuel Huerta Ladr\u00f3n de Guevara, conden\u00f3 el cr\u00edmenes en Tuxpan y Perote, no se ha podido acabar con la inseguridad por 35 a\u00f1os de malos gobiernos. En entrevista previo a una reuni\u00f3n con empresarios de esta capital, expres\u00f3 que los hechos de [&hellip;]<\/p>\n","protected":false},"author":2476,"featured_media":49967,"comment_status":"open","ping_status":"open","sticky":false,"template":"","format":"standard","meta":{"_jetpack_memberships_contains_paid_content":false,"footnotes":""},"categories":[2],"tags":[],"class_list":["post-49966","post","type-post","status-publish","format-standard","has-post-thumbnail","hentry","category-estado"],"jetpack_featured_media_url":"https:\/\/encuentroinformativo.com.mx\/wp-content\/uploads\/2024\/01\/IMG-20240129-WA0019.jpg","jetpack_sharing_enabled":true,"jetpack_likes_enabled":true,"amp_enabled":true,"_links":{"self":[{"href":"https:\/\/encuentroinformativo.com.mx\/index.php?rest_route=\/wp\/v2\/posts\/49966","targetHints":{"allow":["GET"]}}],"collection":[{"href":"https:\/\/encuentroinformativo.com.mx\/index.php?rest_route=\/wp\/v2\/posts"}],"about":[{"href":"https:\/\/encuentroinformativo.com.mx\/index.php?rest_route=\/wp\/v2\/types\/post"}],"author":[{"embeddable":true,"href":"https:\/\/encuentroinformativo.com.mx\/index.php?rest_route=\/wp\/v2\/users\/2476"}],"replies":[{"embeddable":true,"href":"https:\/\/encuentroinformativo.com.mx\/index.php?rest_route=%2Fwp%2Fv2%2Fcomments&post=49966"}],"version-history":[{"count":1,"href":"https:\/\/encuentroinformativo.com.mx\/index.php?rest_route=\/wp\/v2\/posts\/49966\/revisions"}],"predecessor-version":[{"id":49968,"href":"https:\/\/encuentroinformativo.com.mx\/index.php?rest_route=\/wp\/v2\/posts\/49966\/revisions\/49968"}],"wp:featuredmedia":[{"embeddable":true,"href":"https:\/\/encuentroinformativo.com.mx\/index.php?rest_route=\/wp\/v2\/media\/49967"}],"wp:attachment":[{"href":"https:\/\/encuentroinformativo.com.mx\/index.php?rest_route=%2Fwp%2Fv2%2Fmedia&parent=49966"}],"wp:term":[{"taxonomy":"category","embeddable":true,"href":"https:\/\/encuentroinformativo.com.mx\/index.php?rest_route=%2Fwp%2Fv2%2Fcategories&post=49966"},{"taxonomy":"post_tag","embeddable":true,"href":"https:\/\/encuentroinformativo.com.mx\/index.php?rest_route=%2Fwp%2Fv2%2Ftags&post=49966"}],"curies":[{"name":"wp","href":"https:\/\/api.w.org\/{rel}","templated":true}]}}