{"id":49969,"date":"2024-01-29T11:51:44","date_gmt":"2024-01-29T17:51:44","guid":{"rendered":"https:\/\/encuentroinformativo.com.mx\/?p=49969"},"modified":"2024-01-29T11:51:48","modified_gmt":"2024-01-29T17:51:48","slug":"en-febrero-abren-nueva-oficina-de-relaciones-exteriores-en-boca-del-rio","status":"publish","type":"post","link":"https:\/\/encuentroinformativo.com.mx\/?p=49969","title":{"rendered":"En febrero abren nueva oficina de Relaciones Exteriores en Boca del R\u00edo"},"content":{"rendered":"\n<p><strong>Alejandro \u00c1vila<\/strong><\/p>\n\n\n\n<p>Boca del R\u00edo, Ver.- En los primeros d\u00edas del mes de febrero quedar\u00e1 inaugurada y puesta a disposici\u00f3n de la ciudadan\u00eda las nuevas oficinas de Relaciones Exteriores en Boca del R\u00edo, inform\u00f3 el alcalde, Juan Manuel de Unanue Abascal.<\/p>\n\n\n\n<p>El edil panista puntualiz\u00f3 que las nuevas oficinas que se ubican en la Plaza Sol, son m\u00e1s amplias y por ende dar\u00e1n mayor atenci\u00f3n a la ciudadan\u00eda; adem\u00e1s de que tendr\u00e1n el estacionamiento totalmente gratuito.<\/p>\n\n\n\n<p>&#8220;A partir del pr\u00f3ximo mes de febrero, los primeros d\u00edas ya estar\u00e1n dando sus citas en estas nuevas oficinas de Relaciones Exteriores en conjunto con el gobierno municipal de Boca del R\u00edo, donde tambi\u00e9n tendremos la oportunidad, independientemente de darle mejor atenci\u00f3n a la gente, de dar el doble del n\u00famero de citas, es decir, si se daban 60 u 80 diarias, vamos a poder llegar hasta 200 citas diarias, esto permitir\u00e1 poderle dar la atenci\u00f3n a las personas que hagan su tr\u00e1mite para recibir su pasaporte, pues de que en menos d\u00edas tengan su cita y se lleven su pasaporte&#8221;, destac\u00f3.<\/p>\n\n\n\n<p>Juan Manuel Unanue dijo que se hizo un esfuerzo a trav\u00e9s de su gobierno, puesto que la ciudadan\u00eda ya hab\u00eda hecho varias solicitudes para mejorar la atenci\u00f3n en la anterior oficina de Relaciones Exteriores ubicada en Plaza las Am\u00e9ricas, la cual por su espacio, daba pocas citas a los solicitantes a un pasaporte.<\/p>\n","protected":false},"excerpt":{"rendered":"<p>Alejandro \u00c1vila Boca del R\u00edo, Ver.- En los primeros d\u00edas del mes de febrero quedar\u00e1 inaugurada y puesta a disposici\u00f3n de la ciudadan\u00eda las nuevas oficinas de Relaciones Exteriores en Boca del R\u00edo, inform\u00f3 el alcalde, Juan Manuel de Unanue Abascal. El edil panista puntualiz\u00f3 que las nuevas oficinas que se ubican en la Plaza [&hellip;]<\/p>\n","protected":false},"author":2476,"featured_media":49970,"comment_status":"open","ping_status":"open","sticky":false,"template":"","format":"standard","meta":{"_jetpack_memberships_contains_paid_content":false,"footnotes":""},"categories":[2],"tags":[],"class_list":["post-49969","post","type-post","status-publish","format-standard","has-post-thumbnail","hentry","category-estado"],"jetpack_featured_media_url":"https:\/\/encuentroinformativo.com.mx\/wp-content\/uploads\/2024\/01\/IMG-20240129-WA00242.jpg","jetpack_sharing_enabled":true,"jetpack_likes_enabled":true,"amp_enabled":true,"_links":{"self":[{"href":"https:\/\/encuentroinformativo.com.mx\/index.php?rest_route=\/wp\/v2\/posts\/49969","targetHints":{"allow":["GET"]}}],"collection":[{"href":"https:\/\/encuentroinformativo.com.mx\/index.php?rest_route=\/wp\/v2\/posts"}],"about":[{"href":"https:\/\/encuentroinformativo.com.mx\/index.php?rest_route=\/wp\/v2\/types\/post"}],"author":[{"embeddable":true,"href":"https:\/\/encuentroinformativo.com.mx\/index.php?rest_route=\/wp\/v2\/users\/2476"}],"replies":[{"embeddable":true,"href":"https:\/\/encuentroinformativo.com.mx\/index.php?rest_route=%2Fwp%2Fv2%2Fcomments&post=49969"}],"version-history":[{"count":1,"href":"https:\/\/encuentroinformativo.com.mx\/index.php?rest_route=\/wp\/v2\/posts\/49969\/revisions"}],"predecessor-version":[{"id":49971,"href":"https:\/\/encuentroinformativo.com.mx\/index.php?rest_route=\/wp\/v2\/posts\/49969\/revisions\/49971"}],"wp:featuredmedia":[{"embeddable":true,"href":"https:\/\/encuentroinformativo.com.mx\/index.php?rest_route=\/wp\/v2\/media\/49970"}],"wp:attachment":[{"href":"https:\/\/encuentroinformativo.com.mx\/index.php?rest_route=%2Fwp%2Fv2%2Fmedia&parent=49969"}],"wp:term":[{"taxonomy":"category","embeddable":true,"href":"https:\/\/encuentroinformativo.com.mx\/index.php?rest_route=%2Fwp%2Fv2%2Fcategories&post=49969"},{"taxonomy":"post_tag","embeddable":true,"href":"https:\/\/encuentroinformativo.com.mx\/index.php?rest_route=%2Fwp%2Fv2%2Ftags&post=49969"}],"curies":[{"name":"wp","href":"https:\/\/api.w.org\/{rel}","templated":true}]}}