{"id":49972,"date":"2024-01-29T09:13:56","date_gmt":"2024-01-29T15:13:56","guid":{"rendered":"https:\/\/encuentroinformativo.com.mx\/?p=49972"},"modified":"2024-01-29T12:15:02","modified_gmt":"2024-01-29T18:15:02","slug":"ayuntamiento-de-veracruz-extiende-fecha-de-descuentos-para-pago-de-predial","status":"publish","type":"post","link":"https:\/\/encuentroinformativo.com.mx\/?p=49972","title":{"rendered":"Ayuntamiento de Veracruz extiende fecha de descuentos para pago de Predial"},"content":{"rendered":"\n<p><strong>Alejandro \u00c1vila<\/strong><\/p>\n\n\n\n<p>Veracruz, Ver.- La alcaldesa, Patricia Lobeira Rodr\u00edguez, inform\u00f3 que el Ayuntamiento a su cargo extendi\u00f3 la fecha de los descuentos para el pago del impuesto Predial.<\/p>\n\n\n\n<p>La edil panista mencion\u00f3 que durante todo el mes de febrero, los usuarios que a\u00fan no han pagado su impuesto Predial, podr\u00e1n acudir a los bajos del edificio Trigueros a realizar su tr\u00e1mite, y seguir\u00e1n obteniendo descuentos del 20 y 50 por ciento.<\/p>\n\n\n\n<p>&#8220;Tenemos ya 103 millones de pesos recaudados, la verdad es que muy contentos con lo que se ha recaudado&#8221;, destac\u00f3.<\/p>\n\n\n\n<p>Posterior a inaugurar la rehabilitaci\u00f3n del parque Las Palmas en el fraccionamiento Las Antillas; mencion\u00f3 que los jarochos est\u00e1n a favor de que la cantante Yuri sea nuevamente su reina de Carnaval para la edici\u00f3n del centenario.<\/p>\n\n\n\n<p>&#8220;Nosotros hicimos una din\u00e1mica ah\u00ed en Facebook, la gente opin\u00f3, y definitivamente la gente que era Yuri de Reina de Carnaval. Seguimos en las pl\u00e1ticas, y yo creo que el mi\u00e9rcoles o jueves les damos la noticia&#8221;, culmin\u00f3.<\/p>\n","protected":false},"excerpt":{"rendered":"<p>Alejandro \u00c1vila Veracruz, Ver.- La alcaldesa, Patricia Lobeira Rodr\u00edguez, inform\u00f3 que el Ayuntamiento a su cargo extendi\u00f3 la fecha de los descuentos para el pago del impuesto Predial. La edil panista mencion\u00f3 que durante todo el mes de febrero, los usuarios que a\u00fan no han pagado su impuesto Predial, podr\u00e1n acudir a los bajos del [&hellip;]<\/p>\n","protected":false},"author":2476,"featured_media":49973,"comment_status":"open","ping_status":"open","sticky":false,"template":"","format":"standard","meta":{"_jetpack_memberships_contains_paid_content":false,"footnotes":""},"categories":[2],"tags":[],"class_list":["post-49972","post","type-post","status-publish","format-standard","has-post-thumbnail","hentry","category-estado"],"jetpack_featured_media_url":"https:\/\/encuentroinformativo.com.mx\/wp-content\/uploads\/2024\/01\/IMG-20240129-WA0031.jpg","jetpack_sharing_enabled":true,"jetpack_likes_enabled":true,"amp_enabled":true,"_links":{"self":[{"href":"https:\/\/encuentroinformativo.com.mx\/index.php?rest_route=\/wp\/v2\/posts\/49972","targetHints":{"allow":["GET"]}}],"collection":[{"href":"https:\/\/encuentroinformativo.com.mx\/index.php?rest_route=\/wp\/v2\/posts"}],"about":[{"href":"https:\/\/encuentroinformativo.com.mx\/index.php?rest_route=\/wp\/v2\/types\/post"}],"author":[{"embeddable":true,"href":"https:\/\/encuentroinformativo.com.mx\/index.php?rest_route=\/wp\/v2\/users\/2476"}],"replies":[{"embeddable":true,"href":"https:\/\/encuentroinformativo.com.mx\/index.php?rest_route=%2Fwp%2Fv2%2Fcomments&post=49972"}],"version-history":[{"count":1,"href":"https:\/\/encuentroinformativo.com.mx\/index.php?rest_route=\/wp\/v2\/posts\/49972\/revisions"}],"predecessor-version":[{"id":49974,"href":"https:\/\/encuentroinformativo.com.mx\/index.php?rest_route=\/wp\/v2\/posts\/49972\/revisions\/49974"}],"wp:featuredmedia":[{"embeddable":true,"href":"https:\/\/encuentroinformativo.com.mx\/index.php?rest_route=\/wp\/v2\/media\/49973"}],"wp:attachment":[{"href":"https:\/\/encuentroinformativo.com.mx\/index.php?rest_route=%2Fwp%2Fv2%2Fmedia&parent=49972"}],"wp:term":[{"taxonomy":"category","embeddable":true,"href":"https:\/\/encuentroinformativo.com.mx\/index.php?rest_route=%2Fwp%2Fv2%2Fcategories&post=49972"},{"taxonomy":"post_tag","embeddable":true,"href":"https:\/\/encuentroinformativo.com.mx\/index.php?rest_route=%2Fwp%2Fv2%2Ftags&post=49972"}],"curies":[{"name":"wp","href":"https:\/\/api.w.org\/{rel}","templated":true}]}}