{"id":49975,"date":"2024-01-29T12:20:48","date_gmt":"2024-01-29T18:20:48","guid":{"rendered":"https:\/\/encuentroinformativo.com.mx\/?p=49975"},"modified":"2024-01-29T12:20:53","modified_gmt":"2024-01-29T18:20:53","slug":"en-xico-invitan-a-festival-del-tamal-canario","status":"publish","type":"post","link":"https:\/\/encuentroinformativo.com.mx\/?p=49975","title":{"rendered":"En Xico, invitan a festival del tamal canario"},"content":{"rendered":"\n<p><strong>Dar\u00edo Pale <\/strong><\/p>\n\n\n\n<p>Xalapa, Ver.- Miguel Izaguirre y Mercedes Tepetla Peredo invitaron a la ciudadan\u00eda para que asista a Xico ya que se prepara para el &#8220;Festival del Tamal Canario 2024&#8221;, la cual se realizar\u00e1 del 2 al 5 de febrero en el parque independencia.<\/p>\n\n\n\n<p>En conferencia de prensa dieron a conocer que cientos de personas podr\u00e1n disfrutar la quinta edici\u00f3n del &#8220;Festival del Tamal Canario&#8221; que se llevar\u00e1 a cabo del 2 al 5 de febrero en el municipio de Xico.<\/p>\n\n\n\n<p>Los promotores del evento aseguraron que el platillo principal ser\u00e1 el tamal canario en todas sus variantes, el cu\u00e1l es caracter\u00edstico del Pueblo M\u00e1gico.<\/p>\n\n\n\n<p>&#8220;Es un tamal de harina de arroz que lleva huevo, mantequilla y vainilla, y su relleno es un manjar que es muy tradicional&#8221;, explic\u00f3 Mercedes Tepetla Peredo.<\/p>\n\n\n\n<p>Adem\u00e1s de que los m\u00e1s de 40 expositores ofrecer\u00e1n otros 35 tipos diferentes de tamales elaborados en la regi\u00f3n. Su meta es vender m\u00e1s de 100 mil tamales.<\/p>\n\n\n\n<p>Finalmente los organizadores aseguraron que el &#8216;Festival del Tamal Canario&#8217; ser\u00e1 un evento totalmente familiar y con costos accesibles.<\/p>\n\n\n\n<figure class=\"wp-block-image size-large\"><img loading=\"lazy\" decoding=\"async\" width=\"1024\" height=\"577\" src=\"https:\/\/encuentroinformativo.com.mx\/wp-content\/uploads\/2024\/01\/IMG-20240129-WA0026-1024x577.jpg\" alt=\"\" class=\"wp-image-49977\" srcset=\"https:\/\/encuentroinformativo.com.mx\/wp-content\/uploads\/2024\/01\/IMG-20240129-WA0026-1024x577.jpg 1024w, https:\/\/encuentroinformativo.com.mx\/wp-content\/uploads\/2024\/01\/IMG-20240129-WA0026-300x169.jpg 300w, https:\/\/encuentroinformativo.com.mx\/wp-content\/uploads\/2024\/01\/IMG-20240129-WA0026-768x433.jpg 768w, https:\/\/encuentroinformativo.com.mx\/wp-content\/uploads\/2024\/01\/IMG-20240129-WA0026-1536x866.jpg 1536w, https:\/\/encuentroinformativo.com.mx\/wp-content\/uploads\/2024\/01\/IMG-20240129-WA0026.jpg 1600w\" sizes=\"auto, (max-width: 1024px) 100vw, 1024px\" \/><\/figure>\n","protected":false},"excerpt":{"rendered":"<p>Dar\u00edo Pale Xalapa, Ver.- Miguel Izaguirre y Mercedes Tepetla Peredo invitaron a la ciudadan\u00eda para que asista a Xico ya que se prepara para el &#8220;Festival del Tamal Canario 2024&#8221;, la cual se realizar\u00e1 del 2 al 5 de febrero en el parque independencia. En conferencia de prensa dieron a conocer que cientos de personas [&hellip;]<\/p>\n","protected":false},"author":2476,"featured_media":49976,"comment_status":"open","ping_status":"open","sticky":false,"template":"","format":"standard","meta":{"_jetpack_memberships_contains_paid_content":false,"footnotes":""},"categories":[8],"tags":[],"class_list":["post-49975","post","type-post","status-publish","format-standard","has-post-thumbnail","hentry","category-region"],"jetpack_featured_media_url":"https:\/\/encuentroinformativo.com.mx\/wp-content\/uploads\/2024\/01\/IMG-20240129-WA0030.jpg","jetpack_sharing_enabled":true,"jetpack_likes_enabled":true,"amp_enabled":true,"_links":{"self":[{"href":"https:\/\/encuentroinformativo.com.mx\/index.php?rest_route=\/wp\/v2\/posts\/49975","targetHints":{"allow":["GET"]}}],"collection":[{"href":"https:\/\/encuentroinformativo.com.mx\/index.php?rest_route=\/wp\/v2\/posts"}],"about":[{"href":"https:\/\/encuentroinformativo.com.mx\/index.php?rest_route=\/wp\/v2\/types\/post"}],"author":[{"embeddable":true,"href":"https:\/\/encuentroinformativo.com.mx\/index.php?rest_route=\/wp\/v2\/users\/2476"}],"replies":[{"embeddable":true,"href":"https:\/\/encuentroinformativo.com.mx\/index.php?rest_route=%2Fwp%2Fv2%2Fcomments&post=49975"}],"version-history":[{"count":1,"href":"https:\/\/encuentroinformativo.com.mx\/index.php?rest_route=\/wp\/v2\/posts\/49975\/revisions"}],"predecessor-version":[{"id":49978,"href":"https:\/\/encuentroinformativo.com.mx\/index.php?rest_route=\/wp\/v2\/posts\/49975\/revisions\/49978"}],"wp:featuredmedia":[{"embeddable":true,"href":"https:\/\/encuentroinformativo.com.mx\/index.php?rest_route=\/wp\/v2\/media\/49976"}],"wp:attachment":[{"href":"https:\/\/encuentroinformativo.com.mx\/index.php?rest_route=%2Fwp%2Fv2%2Fmedia&parent=49975"}],"wp:term":[{"taxonomy":"category","embeddable":true,"href":"https:\/\/encuentroinformativo.com.mx\/index.php?rest_route=%2Fwp%2Fv2%2Fcategories&post=49975"},{"taxonomy":"post_tag","embeddable":true,"href":"https:\/\/encuentroinformativo.com.mx\/index.php?rest_route=%2Fwp%2Fv2%2Ftags&post=49975"}],"curies":[{"name":"wp","href":"https:\/\/api.w.org\/{rel}","templated":true}]}}