{"id":49985,"date":"2024-01-29T13:33:39","date_gmt":"2024-01-29T19:33:39","guid":{"rendered":"https:\/\/encuentroinformativo.com.mx\/?p=49985"},"modified":"2024-01-29T13:33:43","modified_gmt":"2024-01-29T19:33:43","slug":"clases-se-desarrollan-con-normalidad-en-tuxpan-sev","status":"publish","type":"post","link":"https:\/\/encuentroinformativo.com.mx\/?p=49985","title":{"rendered":"Clases se desarrollan con normalidad en Tuxpan: SEV"},"content":{"rendered":"\n<p><strong>Dar\u00edo Pale <\/strong><\/p>\n\n\n\n<p>Xalapa, Ver.- Despu\u00e9s de los hechos violentos que se registraron en la ciudad de Tuxpan el secretario de Educaci\u00f3n, V\u00edctor Vargas Barrientos, neg\u00f3 que se vayan a suspender clases.<\/p>\n\n\n\n<p>En entrevista se\u00f1al\u00f3 que, el Ejecutivo instruy\u00f3 desde la noche de este domingo que se incrementar\u00eda la seguridad en aquel municipio del norte de la Entidad y tambi\u00e9n se movilizaron a los elementos de la Guardia Nacional.\u00a0<\/p>\n\n\n\n<p>Mencion\u00f3 que han tenido comunicaci\u00f3n con el alcalde Juan Manuel Pozos, con el gobernador Cuitl\u00e1huac Garc\u00eda Jim\u00e9nez y el titular de la SSP, Cuauht\u00e9moc Z\u00fa\u00f1iga Bonilla, para monitorear c\u00f3mo se ha desarrollado el d\u00eda.\u00a0<\/p>\n\n\n\n<p>&#8220;Las clases siguen normales independientemente de los acontecimientos que se dieron la noche del domingo y estaremos pendientes de lo que pueda suceder, no s\u00f3lo de este d\u00eda, sino de la semana&#8221;, se\u00f1al\u00f3.<\/p>\n\n\n\n<p>Por \u00faltimo ante la manifestaci\u00f3n de padres de familia que en redes sociales dijeron que no llevar\u00edan a sus hijos a clases, el Secretario coment\u00f3 que se trata de una decisi\u00f3n propia, pero por parte de la Secretar\u00eda de Educaci\u00f3n &#8220;no hay ninguna suspensi\u00f3n&#8221;.<\/p>\n","protected":false},"excerpt":{"rendered":"<p>Dar\u00edo Pale Xalapa, Ver.- Despu\u00e9s de los hechos violentos que se registraron en la ciudad de Tuxpan el secretario de Educaci\u00f3n, V\u00edctor Vargas Barrientos, neg\u00f3 que se vayan a suspender clases. En entrevista se\u00f1al\u00f3 que, el Ejecutivo instruy\u00f3 desde la noche de este domingo que se incrementar\u00eda la seguridad en aquel municipio del norte de [&hellip;]<\/p>\n","protected":false},"author":2476,"featured_media":49986,"comment_status":"open","ping_status":"open","sticky":false,"template":"","format":"standard","meta":{"_jetpack_memberships_contains_paid_content":false,"footnotes":""},"categories":[2],"tags":[],"class_list":["post-49985","post","type-post","status-publish","format-standard","has-post-thumbnail","hentry","category-estado"],"jetpack_featured_media_url":"https:\/\/encuentroinformativo.com.mx\/wp-content\/uploads\/2024\/01\/IMG-20240129-WA0033.jpg","jetpack_sharing_enabled":true,"jetpack_likes_enabled":true,"amp_enabled":true,"_links":{"self":[{"href":"https:\/\/encuentroinformativo.com.mx\/index.php?rest_route=\/wp\/v2\/posts\/49985","targetHints":{"allow":["GET"]}}],"collection":[{"href":"https:\/\/encuentroinformativo.com.mx\/index.php?rest_route=\/wp\/v2\/posts"}],"about":[{"href":"https:\/\/encuentroinformativo.com.mx\/index.php?rest_route=\/wp\/v2\/types\/post"}],"author":[{"embeddable":true,"href":"https:\/\/encuentroinformativo.com.mx\/index.php?rest_route=\/wp\/v2\/users\/2476"}],"replies":[{"embeddable":true,"href":"https:\/\/encuentroinformativo.com.mx\/index.php?rest_route=%2Fwp%2Fv2%2Fcomments&post=49985"}],"version-history":[{"count":1,"href":"https:\/\/encuentroinformativo.com.mx\/index.php?rest_route=\/wp\/v2\/posts\/49985\/revisions"}],"predecessor-version":[{"id":49987,"href":"https:\/\/encuentroinformativo.com.mx\/index.php?rest_route=\/wp\/v2\/posts\/49985\/revisions\/49987"}],"wp:featuredmedia":[{"embeddable":true,"href":"https:\/\/encuentroinformativo.com.mx\/index.php?rest_route=\/wp\/v2\/media\/49986"}],"wp:attachment":[{"href":"https:\/\/encuentroinformativo.com.mx\/index.php?rest_route=%2Fwp%2Fv2%2Fmedia&parent=49985"}],"wp:term":[{"taxonomy":"category","embeddable":true,"href":"https:\/\/encuentroinformativo.com.mx\/index.php?rest_route=%2Fwp%2Fv2%2Fcategories&post=49985"},{"taxonomy":"post_tag","embeddable":true,"href":"https:\/\/encuentroinformativo.com.mx\/index.php?rest_route=%2Fwp%2Fv2%2Ftags&post=49985"}],"curies":[{"name":"wp","href":"https:\/\/api.w.org\/{rel}","templated":true}]}}