{"id":49988,"date":"2024-01-29T13:44:02","date_gmt":"2024-01-29T19:44:02","guid":{"rendered":"https:\/\/encuentroinformativo.com.mx\/?p=49988"},"modified":"2024-01-29T13:44:09","modified_gmt":"2024-01-29T19:44:09","slug":"por-falta-de-docentes-toman-primaria-en-el-castillo","status":"publish","type":"post","link":"https:\/\/encuentroinformativo.com.mx\/?p=49988","title":{"rendered":"Por falta de docentes, toman primaria en El Castillo"},"content":{"rendered":"\n<p><strong>Juan Arcos <\/strong><\/p>\n\n\n\n<p>Xalapa, Ver.- Padres de familia y alumnos de la escuela primaria \u201cManuel C. Tello\u201d de la localidad El Castillo Chico, municipio de Xalapa, tomaron el plantel por segunda ocasi\u00f3n ante la falta de docentes.<\/p>\n\n\n\n<p>La instituci\u00f3n acad\u00e9mica se encuentra en la congregaci\u00f3n El Castillo, donde los inconformes exigieron la asignaci\u00f3n de dos profesores para los grupos de quinto y sexto grado.<\/p>\n\n\n\n<p>Uno de los pobladores de dicha comunidad coment\u00f3 que los estudiantes carecen de docentes desde que inici\u00f3 el ciclo escolar 2023-2024.<\/p>\n\n\n\n<p>\u201cTomaron las instalaciones de la escuela primaria de esa comunidad, porque todo el ciclo escolar llevan sin maestro de sexto grado. Entonces, ante la falta de una respuesta positiva de la Secretar\u00eda de Educaci\u00f3n, tomaron la decisi\u00f3n de tomar la escuela\u201d, indicaron de forma an\u00f3nima.<\/p>\n\n\n\n<p>Las madres y padres de familia est\u00e1n preocupados debido a que los alumnos est\u00e1n por ingresar a la secundaria y podr\u00edan presentar un rezago educativo por la falta de acad\u00e9micos.<\/p>\n\n\n\n<p>\u201cPreocupa la situaci\u00f3n de los hijos que pronto van a salir de la primaria y van a cursar la telesecundaria o la secundaria y pues qu\u00e9 grado de preparaci\u00f3n van a llevar. Entonces, quieren una respuesta inmediata y si no, van a seguir cerrando las instalaciones hasta que tengan una respuesta favorable\u201d, a\u00f1adieron.<\/p>\n\n\n\n<p>Los manifestantes est\u00e1n dispuestos a continuar las protestas y la toma de instalaciones en pr\u00f3ximos d\u00edas hasta recibir una respuesta favorable por parte de la Secretar\u00eda de Educaci\u00f3n de Veracruz (SEV).<\/p>\n\n\n\n<p>Los alumnos llevan cerca de cinco meses sin clases por la falta de los profesores frente a grupo.<\/p>\n\n\n\n<p>Los quejosos han amagado tambi\u00e9n con bloquear la carretera Xalapa-Alto Lucero para que sean atendidas sus demandas lo antes posible.<\/p>\n","protected":false},"excerpt":{"rendered":"<p>Juan Arcos Xalapa, Ver.- Padres de familia y alumnos de la escuela primaria \u201cManuel C. Tello\u201d de la localidad El Castillo Chico, municipio de Xalapa, tomaron el plantel por segunda ocasi\u00f3n ante la falta de docentes. La instituci\u00f3n acad\u00e9mica se encuentra en la congregaci\u00f3n El Castillo, donde los inconformes exigieron la asignaci\u00f3n de dos profesores [&hellip;]<\/p>\n","protected":false},"author":2476,"featured_media":49989,"comment_status":"open","ping_status":"open","sticky":false,"template":"","format":"standard","meta":{"_jetpack_memberships_contains_paid_content":false,"footnotes":""},"categories":[8],"tags":[],"class_list":["post-49988","post","type-post","status-publish","format-standard","has-post-thumbnail","hentry","category-region"],"jetpack_featured_media_url":"https:\/\/encuentroinformativo.com.mx\/wp-content\/uploads\/2024\/01\/35f8d050-5af8-4add-ad66-dc616f3139a0.jpg","jetpack_sharing_enabled":true,"jetpack_likes_enabled":true,"amp_enabled":true,"_links":{"self":[{"href":"https:\/\/encuentroinformativo.com.mx\/index.php?rest_route=\/wp\/v2\/posts\/49988","targetHints":{"allow":["GET"]}}],"collection":[{"href":"https:\/\/encuentroinformativo.com.mx\/index.php?rest_route=\/wp\/v2\/posts"}],"about":[{"href":"https:\/\/encuentroinformativo.com.mx\/index.php?rest_route=\/wp\/v2\/types\/post"}],"author":[{"embeddable":true,"href":"https:\/\/encuentroinformativo.com.mx\/index.php?rest_route=\/wp\/v2\/users\/2476"}],"replies":[{"embeddable":true,"href":"https:\/\/encuentroinformativo.com.mx\/index.php?rest_route=%2Fwp%2Fv2%2Fcomments&post=49988"}],"version-history":[{"count":1,"href":"https:\/\/encuentroinformativo.com.mx\/index.php?rest_route=\/wp\/v2\/posts\/49988\/revisions"}],"predecessor-version":[{"id":49990,"href":"https:\/\/encuentroinformativo.com.mx\/index.php?rest_route=\/wp\/v2\/posts\/49988\/revisions\/49990"}],"wp:featuredmedia":[{"embeddable":true,"href":"https:\/\/encuentroinformativo.com.mx\/index.php?rest_route=\/wp\/v2\/media\/49989"}],"wp:attachment":[{"href":"https:\/\/encuentroinformativo.com.mx\/index.php?rest_route=%2Fwp%2Fv2%2Fmedia&parent=49988"}],"wp:term":[{"taxonomy":"category","embeddable":true,"href":"https:\/\/encuentroinformativo.com.mx\/index.php?rest_route=%2Fwp%2Fv2%2Fcategories&post=49988"},{"taxonomy":"post_tag","embeddable":true,"href":"https:\/\/encuentroinformativo.com.mx\/index.php?rest_route=%2Fwp%2Fv2%2Ftags&post=49988"}],"curies":[{"name":"wp","href":"https:\/\/api.w.org\/{rel}","templated":true}]}}