{"id":5000,"date":"2020-08-17T14:40:05","date_gmt":"2020-08-17T19:40:05","guid":{"rendered":"https:\/\/encuentroinformativo.com\/?p=5000"},"modified":"2020-08-17T14:40:22","modified_gmt":"2020-08-17T19:40:22","slug":"los-malos-del-pri-ya-se-fueron-segun-ramirez-arana","status":"publish","type":"post","link":"https:\/\/encuentroinformativo.com.mx\/?p=5000","title":{"rendered":"\u201cLos malos del PRI ya se fueron\u201d, seg\u00fan Ram\u00edrez Arana"},"content":{"rendered":"\n<p><strong>Dar\u00edo Pale <\/strong><\/p>\n\n\n\n<p>Xalapa, Ver.- El secretario general de la Confederaci\u00f3n Nacional de Organizaciones Populares (CNOP), Adolfo Ram\u00edrez Arana asegur\u00f3 que a pesar de que pas\u00f3 al tercer lugar de preferencia entre los electores en el estado, el Partido Revolucionario Institucional (PRI), en Veracruz est\u00e1 fuerte y vigoroso para ganar elecciones al margen de la posible alianza que se concrete entre ese partido, el Partido Acci\u00f3n Nacional (PAN) y con el de la Revoluci\u00f3n Democr\u00e1tica (PRD).<\/p>\n\n\n\n<p>Entrevistado en conocido caf\u00e9 del centro de Xalapa se\u00f1al\u00f3 que &#8220;nosotros como sector, estamos de acuerdo que pueda haber alianzas si la hay y si no, estamos listos para trabajar los priistas y para ganar elecciones&#8221;.<\/p>\n\n\n\n<p>Subray\u00f3 que &#8220;los malos del PRI ya se fueron&#8221; y que los priistas que permanecen saben que no pueden cometer m\u00e1s errores.<\/p>\n\n\n\n<p>&#8220;No nos podemos dar el lujo de quedarle mal a la gente y el PRI ha aprendido que cuando act\u00faa mal la gente lo castiga y cuando act\u00faa bien, la gente lo reconoce&#8221;, coment\u00f3 en la entrevista.<\/p>\n\n\n\n<p>Finalmente en ese sentido asegur\u00f3 tambi\u00e9n que la CNOP tiene una estructura fuerte, &#8220;donde haga falta reestructurar, lo estaremos haciendo siempre en armon\u00eda con nuestra dirigencia&#8221;.<\/p>\n\n\n\n<p><\/p>\n","protected":false},"excerpt":{"rendered":"<p>Dar\u00edo Pale Xalapa, Ver.- El secretario general de la Confederaci\u00f3n Nacional de Organizaciones Populares (CNOP), Adolfo Ram\u00edrez Arana asegur\u00f3 que a pesar de que pas\u00f3 al tercer lugar de preferencia entre los electores en el estado, el Partido Revolucionario Institucional (PRI), en Veracruz est\u00e1 fuerte y vigoroso para ganar elecciones al margen de la posible [&hellip;]<\/p>\n","protected":false},"author":1,"featured_media":5001,"comment_status":"open","ping_status":"open","sticky":false,"template":"","format":"standard","meta":{"_jetpack_memberships_contains_paid_content":false,"footnotes":""},"categories":[2],"tags":[],"class_list":["post-5000","post","type-post","status-publish","format-standard","has-post-thumbnail","hentry","category-estado"],"jetpack_featured_media_url":"https:\/\/encuentroinformativo.com.mx\/wp-content\/uploads\/2020\/08\/4AE17128-63F0-4167-A809-233CB0E0CC2D.jpeg","jetpack_sharing_enabled":true,"jetpack_likes_enabled":true,"amp_enabled":true,"_links":{"self":[{"href":"https:\/\/encuentroinformativo.com.mx\/index.php?rest_route=\/wp\/v2\/posts\/5000","targetHints":{"allow":["GET"]}}],"collection":[{"href":"https:\/\/encuentroinformativo.com.mx\/index.php?rest_route=\/wp\/v2\/posts"}],"about":[{"href":"https:\/\/encuentroinformativo.com.mx\/index.php?rest_route=\/wp\/v2\/types\/post"}],"author":[{"embeddable":true,"href":"https:\/\/encuentroinformativo.com.mx\/index.php?rest_route=\/wp\/v2\/users\/1"}],"replies":[{"embeddable":true,"href":"https:\/\/encuentroinformativo.com.mx\/index.php?rest_route=%2Fwp%2Fv2%2Fcomments&post=5000"}],"version-history":[{"count":1,"href":"https:\/\/encuentroinformativo.com.mx\/index.php?rest_route=\/wp\/v2\/posts\/5000\/revisions"}],"predecessor-version":[{"id":5002,"href":"https:\/\/encuentroinformativo.com.mx\/index.php?rest_route=\/wp\/v2\/posts\/5000\/revisions\/5002"}],"wp:featuredmedia":[{"embeddable":true,"href":"https:\/\/encuentroinformativo.com.mx\/index.php?rest_route=\/wp\/v2\/media\/5001"}],"wp:attachment":[{"href":"https:\/\/encuentroinformativo.com.mx\/index.php?rest_route=%2Fwp%2Fv2%2Fmedia&parent=5000"}],"wp:term":[{"taxonomy":"category","embeddable":true,"href":"https:\/\/encuentroinformativo.com.mx\/index.php?rest_route=%2Fwp%2Fv2%2Fcategories&post=5000"},{"taxonomy":"post_tag","embeddable":true,"href":"https:\/\/encuentroinformativo.com.mx\/index.php?rest_route=%2Fwp%2Fv2%2Ftags&post=5000"}],"curies":[{"name":"wp","href":"https:\/\/api.w.org\/{rel}","templated":true}]}}