{"id":50003,"date":"2024-01-29T15:34:29","date_gmt":"2024-01-29T21:34:29","guid":{"rendered":"https:\/\/encuentroinformativo.com.mx\/?p=50003"},"modified":"2024-01-29T15:34:34","modified_gmt":"2024-01-29T21:34:34","slug":"con-audiencias-ciudadanas-se-mantiene-politica-de-puertas-abiertas-alcalde","status":"publish","type":"post","link":"https:\/\/encuentroinformativo.com.mx\/?p=50003","title":{"rendered":"Con Audiencias Ciudadanas, se mantiene pol\u00edtica de puertas abiertas: Alcalde"},"content":{"rendered":"\n<p>Xalapa, Ver.- En cumplimiento a su pol\u00edtica de puertas abiertas y cercan\u00eda con la sociedad para resolver los problemas de la comunidad, el presidente municipal Ricardo Ahued Bardahuil encabez\u00f3 este lunes una jornada m\u00e1s del programa Audiencias Ciudadanas.<\/p>\n\n\n\n<p>En la Sala de Cabildo, acompa\u00f1ado por la regidora Helen Sarmiento Ja\u00e9n y los regidores Carlos Rugerio Mart\u00ednez y Daniel Fern\u00e1ndez Carri\u00f3n, el Edil canaliz\u00f3 a las \u00e1reas correspondientes las solicitudes de las y los ciudadanos para el desarrollo de obra p\u00fablica, como la pavimentaci\u00f3n de calles, la construcci\u00f3n de guarniciones, banquetas y la ampliaci\u00f3n de la red de drenaje sanitario y pluvial.<\/p>\n\n\n\n<p>Ante el director de Participaci\u00f3n Ciudadana, Juan Mar\u00edn Viveros, tambi\u00e9n solicitaron la atenci\u00f3n de temas relacionados con el ordenamiento urbano, la ampliaci\u00f3n de la red de energ\u00eda el\u00e9ctrica, la instalaci\u00f3n de luminarias, la rehabilitaci\u00f3n de vialidades, la mejora de los servicios p\u00fablicos y apoyos sociales para resolver temas de salud p\u00fablica.<\/p>\n","protected":false},"excerpt":{"rendered":"<p>Xalapa, Ver.- En cumplimiento a su pol\u00edtica de puertas abiertas y cercan\u00eda con la sociedad para resolver los problemas de la comunidad, el presidente municipal Ricardo Ahued Bardahuil encabez\u00f3 este lunes una jornada m\u00e1s del programa Audiencias Ciudadanas. En la Sala de Cabildo, acompa\u00f1ado por la regidora Helen Sarmiento Ja\u00e9n y los regidores Carlos Rugerio [&hellip;]<\/p>\n","protected":false},"author":2476,"featured_media":50004,"comment_status":"open","ping_status":"open","sticky":false,"template":"","format":"standard","meta":{"_jetpack_memberships_contains_paid_content":false,"footnotes":""},"categories":[3],"tags":[],"class_list":["post-50003","post","type-post","status-publish","format-standard","has-post-thumbnail","hentry","category-xalapa"],"jetpack_featured_media_url":"https:\/\/encuentroinformativo.com.mx\/wp-content\/uploads\/2024\/01\/IMG-20240129-WA00352.jpg","jetpack_sharing_enabled":true,"jetpack_likes_enabled":true,"amp_enabled":true,"_links":{"self":[{"href":"https:\/\/encuentroinformativo.com.mx\/index.php?rest_route=\/wp\/v2\/posts\/50003","targetHints":{"allow":["GET"]}}],"collection":[{"href":"https:\/\/encuentroinformativo.com.mx\/index.php?rest_route=\/wp\/v2\/posts"}],"about":[{"href":"https:\/\/encuentroinformativo.com.mx\/index.php?rest_route=\/wp\/v2\/types\/post"}],"author":[{"embeddable":true,"href":"https:\/\/encuentroinformativo.com.mx\/index.php?rest_route=\/wp\/v2\/users\/2476"}],"replies":[{"embeddable":true,"href":"https:\/\/encuentroinformativo.com.mx\/index.php?rest_route=%2Fwp%2Fv2%2Fcomments&post=50003"}],"version-history":[{"count":1,"href":"https:\/\/encuentroinformativo.com.mx\/index.php?rest_route=\/wp\/v2\/posts\/50003\/revisions"}],"predecessor-version":[{"id":50005,"href":"https:\/\/encuentroinformativo.com.mx\/index.php?rest_route=\/wp\/v2\/posts\/50003\/revisions\/50005"}],"wp:featuredmedia":[{"embeddable":true,"href":"https:\/\/encuentroinformativo.com.mx\/index.php?rest_route=\/wp\/v2\/media\/50004"}],"wp:attachment":[{"href":"https:\/\/encuentroinformativo.com.mx\/index.php?rest_route=%2Fwp%2Fv2%2Fmedia&parent=50003"}],"wp:term":[{"taxonomy":"category","embeddable":true,"href":"https:\/\/encuentroinformativo.com.mx\/index.php?rest_route=%2Fwp%2Fv2%2Fcategories&post=50003"},{"taxonomy":"post_tag","embeddable":true,"href":"https:\/\/encuentroinformativo.com.mx\/index.php?rest_route=%2Fwp%2Fv2%2Ftags&post=50003"}],"curies":[{"name":"wp","href":"https:\/\/api.w.org\/{rel}","templated":true}]}}