{"id":50025,"date":"2024-01-30T12:08:47","date_gmt":"2024-01-30T18:08:47","guid":{"rendered":"https:\/\/encuentroinformativo.com.mx\/?p=50025"},"modified":"2024-01-30T12:09:38","modified_gmt":"2024-01-30T18:09:38","slug":"realizan-estudiantes-caminata-buhos-por-la-paz","status":"publish","type":"post","link":"https:\/\/encuentroinformativo.com.mx\/?p=50025","title":{"rendered":"Realizan estudiantes caminata &#8220;B\u00fahos por la Paz&#8221;"},"content":{"rendered":"\n<p><strong>Dar\u00edo Pale <\/strong><\/p>\n\n\n\n<p>Xalapa, Ver.- Este martes estudiantes y maestros de la Escuela Secundaria T\u00e9cnica n\u00famero 3 realizaron la caminata &#8220;B\u00fahos por la Paz&#8221;, con la finalidad de promover una cultura de paz, m\u00e1s de mil 300 estudiantes de esta capital, marcharon desde su escuela, ubicada en la avenida Manuel \u00c1vila Camacho, hacia el centro.&nbsp;<\/p>\n\n\n\n<p>En entrevista la directora de la instituci\u00f3n, Ernestina del Callejo \u00c1ngeles resalt\u00f3 que adem\u00e1s buscan promover una cultura de la no violencia entre los j\u00f3venes con diversas actividades, la marcha de este d\u00eda en realidad se cierran las actividades que llevaron a cabo por m\u00e1s de 2 meses al interior del plantel.&nbsp;<\/p>\n\n\n\n<p>La marcha estuvo acompa\u00f1ada de la famosa e internacional Marching Band &#8220;B\u00fahos&#8221;, junto con padres de familia para promover una cultura de paz y la no violencia.&nbsp;<\/p>\n\n\n\n<p>Se trat\u00f3 de una actividad que la comunidad del plantel que llev\u00f3 a cabo en el marco del &#8220;D\u00eda Escolar de la No Violencia y la Paz&#8221;, misma en la que participaron m\u00e1s de mil 360 alumnos, as\u00ed como padres de familia que acompa\u00f1aron a sus hijos y vigilaron el recorrido.<\/p>\n\n\n\n<p>&#8220;Hoy justamente es el D\u00eda contra la no violencia y la paz. Se han dado casos de violencia que no llega a ser buillyng. Cuando llega a presentarse aplicamos los protocolos y tratamos de rescatar a los alumnos rescatables y aplicamos el protocolo&#8221;, coment\u00f3.<\/p>\n\n\n\n<p>El contingente parti\u00f3 de las instalaciones de la secundaria ubicada en la avenida Manuel \u00c1vila Camacho, y avanz\u00f3 por calles como Zaragoza, Primo Verdad y Enr\u00edquez.<\/p>\n\n\n\n<p>&#8220;Cada a\u00f1o realizamos actividades para promover una cultura de paz, una cultura contra la no violencia y lo hacemos a trav\u00e9s de muchas actividades, el d\u00eda de hoy es nuestro cierre&#8221;, explic\u00f3.<\/p>\n\n\n\n<p>Finalmente la directora reconoci\u00f3 que se han presentado casos de violencia por los cuales se han tenido que implementar protocolos, principalmente por ri\u00f1as entre los j\u00f3venes de educaci\u00f3n b\u00e1sica. Aunque descart\u00f3 que se trate de casos graves o de bullying.<\/p>\n\n\n\n<figure class=\"wp-block-image size-large\"><img loading=\"lazy\" decoding=\"async\" width=\"1024\" height=\"576\" src=\"https:\/\/encuentroinformativo.com.mx\/wp-content\/uploads\/2024\/01\/IMG-20240130-WA0037-1024x576.jpg\" alt=\"\" class=\"wp-image-50027\" srcset=\"https:\/\/encuentroinformativo.com.mx\/wp-content\/uploads\/2024\/01\/IMG-20240130-WA0037-1024x576.jpg 1024w, https:\/\/encuentroinformativo.com.mx\/wp-content\/uploads\/2024\/01\/IMG-20240130-WA0037-300x169.jpg 300w, https:\/\/encuentroinformativo.com.mx\/wp-content\/uploads\/2024\/01\/IMG-20240130-WA0037-768x432.jpg 768w, https:\/\/encuentroinformativo.com.mx\/wp-content\/uploads\/2024\/01\/IMG-20240130-WA0037-1536x864.jpg 1536w, https:\/\/encuentroinformativo.com.mx\/wp-content\/uploads\/2024\/01\/IMG-20240130-WA0037.jpg 1600w\" sizes=\"auto, (max-width: 1024px) 100vw, 1024px\" \/><\/figure>\n\n\n\n<figure class=\"wp-block-image size-large\"><img loading=\"lazy\" decoding=\"async\" width=\"1024\" height=\"768\" src=\"https:\/\/encuentroinformativo.com.mx\/wp-content\/uploads\/2024\/01\/IMG-20240130-WA0040-1-1024x768.jpg\" alt=\"\" class=\"wp-image-50028\" srcset=\"https:\/\/encuentroinformativo.com.mx\/wp-content\/uploads\/2024\/01\/IMG-20240130-WA0040-1-1024x768.jpg 1024w, https:\/\/encuentroinformativo.com.mx\/wp-content\/uploads\/2024\/01\/IMG-20240130-WA0040-1-300x225.jpg 300w, https:\/\/encuentroinformativo.com.mx\/wp-content\/uploads\/2024\/01\/IMG-20240130-WA0040-1-768x576.jpg 768w, https:\/\/encuentroinformativo.com.mx\/wp-content\/uploads\/2024\/01\/IMG-20240130-WA0040-1.jpg 1152w\" sizes=\"auto, (max-width: 1024px) 100vw, 1024px\" \/><\/figure>\n","protected":false},"excerpt":{"rendered":"<p>Dar\u00edo Pale Xalapa, Ver.- Este martes estudiantes y maestros de la Escuela Secundaria T\u00e9cnica n\u00famero 3 realizaron la caminata &#8220;B\u00fahos por la Paz&#8221;, con la finalidad de promover una cultura de paz, m\u00e1s de mil 300 estudiantes de esta capital, marcharon desde su escuela, ubicada en la avenida Manuel \u00c1vila Camacho, hacia el centro.&nbsp; En [&hellip;]<\/p>\n","protected":false},"author":2476,"featured_media":50030,"comment_status":"open","ping_status":"open","sticky":false,"template":"","format":"standard","meta":{"_jetpack_memberships_contains_paid_content":false,"footnotes":""},"categories":[3],"tags":[],"class_list":["post-50025","post","type-post","status-publish","format-standard","has-post-thumbnail","hentry","category-xalapa"],"jetpack_featured_media_url":"https:\/\/encuentroinformativo.com.mx\/wp-content\/uploads\/2024\/01\/IMG-20240130-WA0039.jpg","jetpack_sharing_enabled":true,"jetpack_likes_enabled":true,"amp_enabled":true,"_links":{"self":[{"href":"https:\/\/encuentroinformativo.com.mx\/index.php?rest_route=\/wp\/v2\/posts\/50025","targetHints":{"allow":["GET"]}}],"collection":[{"href":"https:\/\/encuentroinformativo.com.mx\/index.php?rest_route=\/wp\/v2\/posts"}],"about":[{"href":"https:\/\/encuentroinformativo.com.mx\/index.php?rest_route=\/wp\/v2\/types\/post"}],"author":[{"embeddable":true,"href":"https:\/\/encuentroinformativo.com.mx\/index.php?rest_route=\/wp\/v2\/users\/2476"}],"replies":[{"embeddable":true,"href":"https:\/\/encuentroinformativo.com.mx\/index.php?rest_route=%2Fwp%2Fv2%2Fcomments&post=50025"}],"version-history":[{"count":2,"href":"https:\/\/encuentroinformativo.com.mx\/index.php?rest_route=\/wp\/v2\/posts\/50025\/revisions"}],"predecessor-version":[{"id":50031,"href":"https:\/\/encuentroinformativo.com.mx\/index.php?rest_route=\/wp\/v2\/posts\/50025\/revisions\/50031"}],"wp:featuredmedia":[{"embeddable":true,"href":"https:\/\/encuentroinformativo.com.mx\/index.php?rest_route=\/wp\/v2\/media\/50030"}],"wp:attachment":[{"href":"https:\/\/encuentroinformativo.com.mx\/index.php?rest_route=%2Fwp%2Fv2%2Fmedia&parent=50025"}],"wp:term":[{"taxonomy":"category","embeddable":true,"href":"https:\/\/encuentroinformativo.com.mx\/index.php?rest_route=%2Fwp%2Fv2%2Fcategories&post=50025"},{"taxonomy":"post_tag","embeddable":true,"href":"https:\/\/encuentroinformativo.com.mx\/index.php?rest_route=%2Fwp%2Fv2%2Ftags&post=50025"}],"curies":[{"name":"wp","href":"https:\/\/api.w.org\/{rel}","templated":true}]}}